{"id":273959,"date":"2025-07-25T23:51:17","date_gmt":"2025-07-25T23:51:17","guid":{"rendered":"https:\/\/www.europesays.com\/fr\/273959\/"},"modified":"2025-07-25T23:51:17","modified_gmt":"2025-07-25T23:51:17","slug":"clemence-et-malik-maries-au-premier-regard-font-une-grande-annonce","status":"publish","type":"post","link":"https:\/\/www.europesays.com\/fr\/273959\/","title":{"rendered":"Cl\u00e9mence et Malik (Mari\u00e9s au premier regard) font une grande annonce"},"content":{"rendered":"<p>Apr\u00e8s avoir annonc\u00e9 leur s\u00e9paration au mois de juin, Cl\u00e9mence et Malik, qui s&rsquo;\u00e9taient unis dans la derni\u00e8re saison de Mari\u00e9s au premier regard, ont pris la parole sur leurs r\u00e9seaux sociaux respectifs ce vendredi 25 juillet 2025 pour faire une grande annonce concernant la fin de leur histoire. <\/p>\n<p>Entre Cl\u00e9mence et Malik, c&rsquo;est du pass\u00e9. Alors que le mariage des candidats de <a href=\"https:\/\/www.programme-tv.net\/news\/tele-realite\/371158-maries-au-premier-regard-2025-date-de-diffusion-deux-expertes-nouveautes-les-premieres-infos-sur-la-saison-9\/\" data-api-deeplink=\"teleloisirs:\/\/news\/371158\" target=\"_blank\" rel=\"noopener\">la saison 9 de Mari\u00e9s au premier regard sur M6 <\/a>faisaient r\u00eaver les t\u00e9l\u00e9spectateurs, Cl\u00e9mence a l\u00e2ch\u00e9 une bombe sur les r\u00e9seaux sociaux le 22 juin dernier. \u00ab\u00a0<a href=\"https:\/\/www.programme-tv.net\/news\/tele-realite\/381662-il-ne-se-battra-pas-pour-notre-couple-clemence-maries-au-premier-regard-annonce-sa-separation-avec-malik-apres-le-bilan\/\" data-api-deeplink=\"teleloisirs:\/\/news\/381662\" target=\"_blank\" rel=\"noopener\">Malik et moi ne sommes plus ensemble<\/a>. Ces mots r\u00e9sonnent fort dans mon esprit et dans mon c\u0153ur. Je peux enfin vous d\u00e9voiler cette v\u00e9rit\u00e9 et ce poids qui me pesait\u00a0\u00bb, a-t-elle annonc\u00e9 sa rupture avec Malik. Une d\u00e9cision du candidat de MAPR comme il l&rsquo;a confirm\u00e9 par la suite. \u00ab\u00a0C&rsquo;est une d\u00e9cision que j&rsquo;ai prise apr\u00e8s beaucoup de r\u00e9flexion et avec le plus grand respect. Cette relation a \u00e9t\u00e9 belle, intense, vraie. Et m\u00eame si j&rsquo;ai choisi d&rsquo;y mettre un terme, \u00e7a ne change rien \u00e0 la reconnaissance que j&rsquo;ai pour ce qu&rsquo;on a partag\u00e9\u00a0\u00bb, a-t-il confi\u00e9. Une histoire d&rsquo;amour que Cl\u00e9mence et Malik peuvent d\u00e9sormais laisser derri\u00e8re eux puisque ce vendredi 25 juillet, ils ont sign\u00e9 les papiers du divorce.<\/p>\n<p>                        Cl\u00e9mence et Malik (Mari\u00e9s au premier regard) ont officiellement divorc\u00e9 ce vendredi 25 juillet 2025<\/p>\n<p>Cl\u00e9mence est pr\u00eate \u00e0 tourner la page. Sur Instagram, <a href=\"https:\/\/www.programme-tv.net\/news\/tele-realite\/357003-si-je-pouvais-eviter-clemence-maries-au-premier-regard-liste-ses-conditions-pour-participer-a-la-saison-9\/\" data-api-deeplink=\"teleloisirs:\/\/news\/357003\" target=\"_blank\" rel=\"noopener\">celle qui a particip\u00e9 deux fois \u00e0 Mari\u00e9s au premier regard <\/a>a annonc\u00e9 son divorce avec Malik. <b>\u00ab\u00a0Aujourd&rsquo;hui, je vous annonce revenir officiellement dans le clan des c\u00e9libataires. La page est tourn\u00e9e administrativement aussi maintenant\u00a0\u00bb<\/b>, a-t-elle inform\u00e9 avant de faire une r\u00e9f\u00e9rence au titre Thank U Next d&rsquo;Ariana Grande pour faire passer un message \u00e0 son ex. \u00ab\u00a0Et je suis aussi en vacances, je pars demain rejoindre mon acolyte pour profiter comme jaja. La vie est courte, profitez !\u00a0\u00bb, a-t-elle ajout\u00e9.<\/p>\n<p>Malik (Mari\u00e9s au premier regard) divorc\u00e9 de Cl\u00e9mence, il a retrouv\u00e9 l&rsquo;amour<\/p>\n<p>Malik aussi a communiqu\u00e9 \u00e0 propos de son divorce avec Cl\u00e9mence. \u00ab\u00a0Aujourd&rsquo;hui, une page se tourne et pour en ouvrir de plus belles\u00a0\u00bb, a-t-il \u00e9crit sur Instagram. De son c\u00f4t\u00e9,<a href=\"https:\/\/www.programme-tv.net\/news\/people\/381685-quelqu-un-est-entre-dans-ma-vie-apres-sa-rupture-avec-clemence-malik-maries-au-premier-regard-officialise-sa-nouvelle-relation\/\" data-api-deeplink=\"teleloisirs:\/\/news\/381685\" target=\"_blank\" rel=\"noopener\"> le candidat a retrouv\u00e9 l&rsquo;amour<\/a>. \u00ab\u00a0Il y a quelqu&rsquo;un qui est entr\u00e9 dans ma vie\u00a0\u00bb, a-t-il r\u00e9v\u00e9l\u00e9 apr\u00e8s sa s\u00e9paration avec Cl\u00e9mence. Une nouvelle relation qui, selon lui, ne pla\u00eet pas \u00e0 son ex : \u00ab\u00a0\u00c7a fait 4 mois que je ne suis plus avec Cl\u00e9mence et je ne lui en ai pas parl\u00e9 mais je pense qu&rsquo;elle l&rsquo;a su et que \u00e7a a attis\u00e9 sa haine.\u00a0\u00bb<\/p>\n","protected":false},"excerpt":{"rendered":"Apr\u00e8s avoir annonc\u00e9 leur s\u00e9paration au mois de juin, Cl\u00e9mence et Malik, qui s&rsquo;\u00e9taient unis dans la derni\u00e8re&hellip;\n","protected":false},"author":2,"featured_media":273960,"comment_status":"","ping_status":"","sticky":false,"template":"","format":"standard","meta":{"footnotes":""},"categories":[1356],"tags":[5636,244,58,59,1011,27,494,5637,5214,252,1364],"class_list":{"0":"post-273959","1":"post","2":"type-post","3":"status-publish","4":"format-standard","5":"has-post-thumbnail","7":"category-television","8":"tag-clu00e9mence-mariu00e9s-au-premier-regard-8","9":"tag-commentaire","10":"tag-divertissement","11":"tag-entertainment","12":"tag-fr","13":"tag-france","14":"tag-m6","15":"tag-malik-mariu00e9s-au-premier-regard-9","16":"tag-mariu00e9s-au-premier-regard","17":"tag-television","18":"tag-tv"},"share_on_mastodon":{"url":"https:\/\/pubeurope.com\/@fr\/114916562332294241","error":""},"_links":{"self":[{"href":"https:\/\/www.europesays.com\/fr\/wp-json\/wp\/v2\/posts\/273959","targetHints":{"allow":["GET"]}}],"collection":[{"href":"https:\/\/www.europesays.com\/fr\/wp-json\/wp\/v2\/posts"}],"about":[{"href":"https:\/\/www.europesays.com\/fr\/wp-json\/wp\/v2\/types\/post"}],"author":[{"embeddable":true,"href":"https:\/\/www.europesays.com\/fr\/wp-json\/wp\/v2\/users\/2"}],"replies":[{"embeddable":true,"href":"https:\/\/www.europesays.com\/fr\/wp-json\/wp\/v2\/comments?post=273959"}],"version-history":[{"count":0,"href":"https:\/\/www.europesays.com\/fr\/wp-json\/wp\/v2\/posts\/273959\/revisions"}],"wp:featuredmedia":[{"embeddable":true,"href":"https:\/\/www.europesays.com\/fr\/wp-json\/wp\/v2\/media\/273960"}],"wp:attachment":[{"href":"https:\/\/www.europesays.com\/fr\/wp-json\/wp\/v2\/media?parent=273959"}],"wp:term":[{"taxonomy":"category","embeddable":true,"href":"https:\/\/www.europesays.com\/fr\/wp-json\/wp\/v2\/categories?post=273959"},{"taxonomy":"post_tag","embeddable":true,"href":"https:\/\/www.europesays.com\/fr\/wp-json\/wp\/v2\/tags?post=273959"}],"curies":[{"name":"wp","href":"https:\/\/api.w.org\/{rel}","templated":true}]}}