{"id":273963,"date":"2025-07-25T23:53:18","date_gmt":"2025-07-25T23:53:18","guid":{"rendered":"https:\/\/www.europesays.com\/fr\/273963\/"},"modified":"2025-07-25T23:53:18","modified_gmt":"2025-07-25T23:53:18","slug":"attention-lun-des-meilleurs-films-francais-de-ces-dernieres-annees-fait-bientot-ses-adieux-sur-netflix","status":"publish","type":"post","link":"https:\/\/www.europesays.com\/fr\/273963\/","title":{"rendered":"Attention, l\u2019un des meilleurs films fran\u00e7ais de ces derni\u00e8res ann\u00e9es fait bient\u00f4t ses adieux sur Netflix"},"content":{"rendered":"<p>En 2022, un film a marqu\u00e9 la critique autant que les spectateurs. Inspir\u00e9 d\u2019une histoire vraie, ce polar va bient\u00f4t dispara\u00eetre de Netflix. Il ne vous reste plus que quelques jours pour d\u00e9couvrir ce film fran\u00e7ais, l&rsquo;un des meilleurs de ces derni\u00e8res ann\u00e9es. <\/p>\n<p>Cette histoire laisse une marque dans l\u2019esprit des spectateurs. Un \u00e9cho qui r\u00e9siste au temps. En 2022, plus de 630 000 personnes \u00e9taient all\u00e9es voir <a href=\"https:\/\/www.programme-tv.net\/news\/cinema\/353584-la-nuit-du-12-netflix-rattrapez-de-toute-urgence-ce-polar-fascinant-et-terrifiant\/\" data-api-deeplink=\"teleloisirs:\/\/news\/353584\" target=\"_blank\" rel=\"noopener\">La nuit du 12<\/a> au cin\u00e9ma. Depuis, le film sign\u00e9 Dominik Moll (Harry, un ami qui vous veut du bien) a v\u00e9cu une belle vie sur Netflix. Mais cela va bient\u00f4t s\u2019arr\u00eater. La nuit du 12 quitte la plateforme le 11 ao\u00fbt prochain. Si vous n\u2019avez pas encore vu ce qui peut ais\u00e9ment \u00eatre d\u00e9crit comme l\u2019un des meilleurs films fran\u00e7ais de ces derni\u00e8res ann\u00e9es, ne tardez plus. Si vous \u00eates friand de polar et d\u2019histoire vraie, vous allez adorer La nuit du 12. On y suit Yohan, policier \u00e0 la PJ de Grenoble. Le soir o\u00f9 il devient officiellement chef du service, le 12 octobre 2016, un meurtre a lieu \u00e0 Saint-Jean-de-Maurienne. Clara Royer, jeune femme de 21 ans, est br\u00fbl\u00e9e vive alors qu\u2019elle rentre d\u2019une soir\u00e9e entre copines. Yohan est charg\u00e9 de l\u2019affaire, qui le hante.<\/p>\n<p>                        Quelle est l\u2019histoire vraie qui a inspir\u00e9 La Nuit du 12 ?<\/p>\n<p>La nuit du 12 est <a href=\"https:\/\/www.programme-tv.net\/news\/cinema\/320573-quelle-est-l-histoire-vraie-du-feminicide-de-maud-marechal-a-l-origine-du-film-la-nuit-du-12\/\" data-api-deeplink=\"teleloisirs:\/\/news\/320573\" target=\"_blank\" rel=\"noopener\">inspir\u00e9 d\u2019un v\u00e9ritable f\u00e9minicide<\/a> survenu dans la nuit du 13 au 14 mai 2013 en Seine-et-Marne. Une jeune femme, Maud Mar\u00e9chal, avait alors \u00e9t\u00e9 br\u00fbl\u00e9e vive dans une rue \u00e0 quelques pas de chez elle en rentrant d\u2019une soir\u00e9e entre amies. Si de nombreux suspects ont \u00e9t\u00e9 entendus, notamment parmi les hommes que la jeune femme avait fr\u00e9quent\u00e9s dans le pass\u00e9, le meurtrier n\u2019a pas \u00e9t\u00e9 retrouv\u00e9 \u00e0 ce jour. Selon <a href=\"https:\/\/www.leparisien.fr\/faits-divers\/meurtre-de-maud-marechal-en-2013-nouvelles-investigations-dans-le-cold-case-au-coeur-de-la-nuit-du-12-03-07-2025-F6M55KJJGZF6PKX5UYOPVSH3RU.php\" target=\"_blank\" rel=\"noopener\">Le Parisien<\/a>, douze ans apr\u00e8s les faits, l\u2019enqu\u00eate conna\u00eet du nouveau. Le dossier a \u00e9t\u00e9 confi\u00e9 au p\u00f4le cold-case du parquet de Nanterre en 2023 et aurait fait l\u2019objet de plusieurs actes d\u2019enqu\u00eates compl\u00e9mentaires ces derniers mois.<\/p>\n<p>Des r\u00e9compenses en pagaille pour La nuit du 12<\/p>\n<p>La preuve de la qualit\u00e9 du film La nuit du 12 r\u00e9side peut-\u00eatre dans le nombre de r\u00e9compenses qu\u2019il a obtenues. En 2023, il a re\u00e7u pas moins de sept C\u00e9sar, dont celui du meilleur film et celui du meilleur espoir masculin pour <a href=\"https:\/\/www.programme-tv.net\/biographie\/137942-bouillon-bastien\/\" data-link-people=\"0a982b47-df68-4827-ad9c-97d1cf27ba83\" target=\"_blank\" rel=\"noopener\">Bastien Bouillon<\/a>, vu r\u00e9cemment dans<a href=\"https:\/\/www.programme-tv.net\/news\/cinema\/367793-le-comte-de-monte-cristo-pourquoi-mercedes-est-elle-la-seule-a-reconnaitre-dantes-sous-les-traits-de-monte-cristo\/\" data-api-deeplink=\"teleloisirs:\/\/news\/367793\" target=\"_blank\" rel=\"noopener\"> Le Comte de Monte-Cristo<\/a> et <a href=\"https:\/\/www.programme-tv.net\/news\/cinema\/370060-exclu-une-reussite-grand-corps-malade-fier-de-son-film-monsieur-aznavour-se-livre-sur-ses-reves-de-cesar-2025-avec-tahar-rahim\/\" data-api-deeplink=\"teleloisirs:\/\/news\/370060\" target=\"_blank\" rel=\"noopener\">Monsieur Aznavour<\/a>. <a href=\"https:\/\/www.programme-tv.net\/biographie\/27358-lanners-bouli\/\" data-link-people=\"32cdfd1a-856f-4a3c-b4c4-6eaf9d39ad6b\" target=\"_blank\" rel=\"noopener\">Bouli Lanners<\/a>, que l\u2019on a applaudi dans la s\u00e9rie <a href=\"https:\/\/www.programme-tv.net\/news\/tv\/366706-le-realisateur-ne-voulait-pas-me-voir-alice-belaidi-explique-pourquoi-elle-a-failli-ne-pas-jouer-dans-la-serie-hippocrate\/\" data-api-deeplink=\"teleloisirs:\/\/news\/366706\" target=\"_blank\" rel=\"noopener\">Hippocrate<\/a> ou dans <a href=\"https:\/\/www.programme-tv.net\/news\/cinema\/309091-adieu-les-cons-france-2-pourquoi-le-film-dalbert-dupontel-est-il-dedie-a-un-grand-nom-de-lhumour\/\" data-api-deeplink=\"teleloisirs:\/\/news\/309091\" target=\"_blank\" rel=\"noopener\">Adieu les cons<\/a>, avait lui re\u00e7u le C\u00e9sar du meilleur second r\u00f4le.<\/p>\n<p>Article \u00e9crit en collaboration avec 6M\u00e9dias.<\/p>\n","protected":false},"excerpt":{"rendered":"En 2022, un film a marqu\u00e9 la critique autant que les spectateurs. Inspir\u00e9 d\u2019une histoire vraie, ce polar&hellip;\n","protected":false},"author":2,"featured_media":273964,"comment_status":"","ping_status":"","sticky":false,"template":"","format":"standard","meta":{"footnotes":""},"categories":[1354],"tags":[244,58,41354,59,1346,1011,27,41356,41355,1360,127,1722,129],"class_list":{"0":"post-273963","1":"post","2":"type-post","3":"status-publish","4":"format-standard","5":"has-post-thumbnail","7":"category-films","8":"tag-commentaire","9":"tag-divertissement","10":"tag-dominik-moll","11":"tag-entertainment","12":"tag-films","13":"tag-fr","14":"tag-france","15":"tag-la-nuit-du-12","16":"tag-la-nuit-du-12-21022023-211000-canal","17":"tag-movies","18":"tag-netflix","19":"tag-pub-streaming-netflix","20":"tag-svod"},"share_on_mastodon":{"url":"https:\/\/pubeurope.com\/@fr\/114916570143696616","error":""},"_links":{"self":[{"href":"https:\/\/www.europesays.com\/fr\/wp-json\/wp\/v2\/posts\/273963","targetHints":{"allow":["GET"]}}],"collection":[{"href":"https:\/\/www.europesays.com\/fr\/wp-json\/wp\/v2\/posts"}],"about":[{"href":"https:\/\/www.europesays.com\/fr\/wp-json\/wp\/v2\/types\/post"}],"author":[{"embeddable":true,"href":"https:\/\/www.europesays.com\/fr\/wp-json\/wp\/v2\/users\/2"}],"replies":[{"embeddable":true,"href":"https:\/\/www.europesays.com\/fr\/wp-json\/wp\/v2\/comments?post=273963"}],"version-history":[{"count":0,"href":"https:\/\/www.europesays.com\/fr\/wp-json\/wp\/v2\/posts\/273963\/revisions"}],"wp:featuredmedia":[{"embeddable":true,"href":"https:\/\/www.europesays.com\/fr\/wp-json\/wp\/v2\/media\/273964"}],"wp:attachment":[{"href":"https:\/\/www.europesays.com\/fr\/wp-json\/wp\/v2\/media?parent=273963"}],"wp:term":[{"taxonomy":"category","embeddable":true,"href":"https:\/\/www.europesays.com\/fr\/wp-json\/wp\/v2\/categories?post=273963"},{"taxonomy":"post_tag","embeddable":true,"href":"https:\/\/www.europesays.com\/fr\/wp-json\/wp\/v2\/tags?post=273963"}],"curies":[{"name":"wp","href":"https:\/\/api.w.org\/{rel}","templated":true}]}}