{"id":273965,"date":"2025-07-25T23:54:11","date_gmt":"2025-07-25T23:54:11","guid":{"rendered":"https:\/\/www.europesays.com\/fr\/273965\/"},"modified":"2025-07-25T23:54:11","modified_gmt":"2025-07-25T23:54:11","slug":"loccitanie-est-une-region-particulierement-concernee-par-les-maladies-coronariennes-constate-sante-publique-france","status":"publish","type":"post","link":"https:\/\/www.europesays.com\/fr\/273965\/","title":{"rendered":"\u00ab\u00a0L\u2019Occitanie est une r\u00e9gion particuli\u00e8rement concern\u00e9e par les maladies coronariennes\u00a0\u00bb, constate Sant\u00e9 publique France"},"content":{"rendered":"<p>\n                                                                Le taux d\u2019incidence de patients hospitalis\u00e9s pour des cardiopathies isch\u00e9miques, qu\u2019on appelle aussi maladies coronariennes, est \u00ab\u00a0sup\u00e9rieur \u00e0 celui de la France\u00a0\u00bb, indique Sant\u00e9 publique France qui fait \u00e9tat de 26\u00a0806 patients hospitalis\u00e9s chaque ann\u00e9e en Occitanie.\n                            <\/p>\n<p>Deuxi\u00e8me cause de mortalit\u00e9 en France, avec pr\u00e8s de 140\u00a0000 d\u00e9c\u00e8s par an, les maladies cardio-neuro-vasculaires touchent plus particuli\u00e8rement les habitants d\u2019Occitanie, constate Sant\u00e9 publique France\u00a0qui a \u00e9tudi\u00e9 l\u2019\u00e9pid\u00e9miologie en r\u00e9gion.<\/p>\n<p>\u00ab\u00a0L\u2019Occitanie est particuli\u00e8rement concern\u00e9e par les cardiopathies isch\u00e9miques\u00a0\u00bb, qu\u2019on appelle aussi maladies coronariennes, pr\u00e9cise SPF. \u00ab\u00a0En moyenne 26\u00a0806 patients \u00e9taient hospitalis\u00e9s chaque ann\u00e9e pour cette raison dans la r\u00e9gion\u00a0\u00bb.<\/p>\n<p>En revanche, le niveau des insuffisances cardiaques et des AVC, les deux autres principales familles de maladies cardio-neuro-vasculaires, sont \u00ab\u00a0comparables au niveau national\u00a0\u00bb. \u00ab\u00a0En moyenne\u00a0\u00bb, 14\u00a0468 patients sont hospitalis\u00e9s chaque ann\u00e9e pour insuffisance cardiaque, et les AVC touchent 11\u00a0790 patients.<\/p>\n<p>L\u2019Aude particuli\u00e8rement touch\u00e9e<\/p>\n<p>Sur les cardiopathies isch\u00e9miques, le taux d\u2019incidence est de 519 pour 100\u00a0000 habitants en r\u00e9gion, contre 459 en France.<\/p>\n<p>La situation varie d\u2019un d\u00e9partement \u00e0 l\u2019autre\u00a0: dans l\u2019Aude, l\u2019incidence est de 674\/100\u00a0000 habitants. \u00c0 l\u2019oppos\u00e9, en Loz\u00e8re\u00a0: 401 pour 100\u00a0000 habitants.<\/p>\n<p>Sur la totalit\u00e9 des patients touch\u00e9s (hospitalisations ou ant\u00e9c\u00e9dents), le chiffre est de 298\u00a0025 cas.<\/p>\n<p>Les chiffres r\u00e9gionaux reviennent \u00ab\u00a0\u00e0 la normale\u00a0\u00bb pour la mortalit\u00e9\u00a0: 3310 d\u00e9c\u00e8s chaque ann\u00e9e (5\u00a0% des d\u00e9c\u00e8s), soit 60 d\u00e9c\u00e8s pour 100\u00a0000 habitants (59\/100\u00a0000 en France).<\/p>\n<p>SPF rappelle les principaux facteurs de risques de maladies cardio-neuro-vasculaires\u00a0: le tabagisme, une alimentation d\u00e9s\u00e9quilibr\u00e9e, la s\u00e9dentarit\u00e9, le surpoids, l\u2019ob\u00e9sit\u00e9, le diab\u00e8te, l\u2019hypertension, la consommation d\u2019alcool ou encore les troubles du sommeil.<\/p>\n","protected":false},"excerpt":{"rendered":"Le taux d\u2019incidence de patients hospitalis\u00e9s pour des cardiopathies isch\u00e9miques, qu\u2019on appelle aussi maladies coronariennes, est \u00ab\u00a0sup\u00e9rieur \u00e0&hellip;\n","protected":false},"author":2,"featured_media":273966,"comment_status":"","ping_status":"","sticky":false,"template":"","format":"standard","meta":{"footnotes":""},"categories":[10],"tags":[1011,27,72,71],"class_list":{"0":"post-273965","1":"post","2":"type-post","3":"status-publish","4":"format-standard","5":"has-post-thumbnail","7":"category-sante","8":"tag-fr","9":"tag-france","10":"tag-health","11":"tag-sante"},"share_on_mastodon":{"url":"https:\/\/pubeurope.com\/@fr\/114916574071601452","error":""},"_links":{"self":[{"href":"https:\/\/www.europesays.com\/fr\/wp-json\/wp\/v2\/posts\/273965","targetHints":{"allow":["GET"]}}],"collection":[{"href":"https:\/\/www.europesays.com\/fr\/wp-json\/wp\/v2\/posts"}],"about":[{"href":"https:\/\/www.europesays.com\/fr\/wp-json\/wp\/v2\/types\/post"}],"author":[{"embeddable":true,"href":"https:\/\/www.europesays.com\/fr\/wp-json\/wp\/v2\/users\/2"}],"replies":[{"embeddable":true,"href":"https:\/\/www.europesays.com\/fr\/wp-json\/wp\/v2\/comments?post=273965"}],"version-history":[{"count":0,"href":"https:\/\/www.europesays.com\/fr\/wp-json\/wp\/v2\/posts\/273965\/revisions"}],"wp:featuredmedia":[{"embeddable":true,"href":"https:\/\/www.europesays.com\/fr\/wp-json\/wp\/v2\/media\/273966"}],"wp:attachment":[{"href":"https:\/\/www.europesays.com\/fr\/wp-json\/wp\/v2\/media?parent=273965"}],"wp:term":[{"taxonomy":"category","embeddable":true,"href":"https:\/\/www.europesays.com\/fr\/wp-json\/wp\/v2\/categories?post=273965"},{"taxonomy":"post_tag","embeddable":true,"href":"https:\/\/www.europesays.com\/fr\/wp-json\/wp\/v2\/tags?post=273965"}],"curies":[{"name":"wp","href":"https:\/\/api.w.org\/{rel}","templated":true}]}}