{"id":273973,"date":"2025-07-25T23:58:11","date_gmt":"2025-07-25T23:58:11","guid":{"rendered":"https:\/\/www.europesays.com\/fr\/273973\/"},"modified":"2025-07-25T23:58:11","modified_gmt":"2025-07-25T23:58:11","slug":"naval-group-des-hackers-menacent-le-geant-francais-de-la-defense-une-enquete-ouverte","status":"publish","type":"post","link":"https:\/\/www.europesays.com\/fr\/273973\/","title":{"rendered":"Naval Group\u00a0: des hackers menacent le g\u00e9ant fran\u00e7ais de la d\u00e9fense, une enqu\u00eate ouverte"},"content":{"rendered":"<p>Des hackers ont-ils subtilis\u00e9 des donn\u00e9es sensibles au g\u00e9ant Naval Group ? Un membre d\u2019un forum du Dark Web le clame en tout cas depuis mercredi, comme l\u2019a r\u00e9v\u00e9l\u00e9 <a href=\"https:\/\/www.latribune.fr\/entreprises-finance\/industrie\/aeronautique-defense\/le-geant-de-la-defense-naval-group-cible-par-des-hackers-une-enquete-est-en-cours-1030320.html\" target=\"_blank\" rel=\"noopener\">La Tribune<\/a>. Il assure d\u00e9tenir une foule de donn\u00e9es, parfois sensibles, couvrant la p\u00e9riode 2019-2024 et demande d\u2019\u00eatre contact\u00e9 directement par le g\u00e9ant de la construction navale d\u2019ici samedi. Faute de quoi, il publierait l\u2019int\u00e9gralit\u00e9 de ces documents en ligne.<\/p>\n<p>Des premi\u00e8res donn\u00e9es mises en ligne<\/p>\n<p>Pour cr\u00e9dibiliser ses all\u00e9gations (encore inv\u00e9rifiables), le hacker a publi\u00e9 d\u00e8s mercredi des extraits, selon lui, de ces donn\u00e9es. D\u2019apr\u00e8s <a href=\"https:\/\/www.numerama.com\/cyberguerre\/2040313-il-reste-24-heures-a-naval-group-pour-me-contacter-un-hacker-menace-le-geant-francais-de-la-construction-militaire.html\" target=\"_blank\" rel=\"noopener\">Numerama<\/a>, ce premier lot de 13 Go comporte des vid\u00e9os provenant d\u2019un syst\u00e8me de surveillance sous-marin de 2003. Rien de d\u00e9cisif \u00e0 ce stade, en mati\u00e8re de s\u00e9curit\u00e9, mais de quoi laisser planer le doute.<\/p>\n<p>Une plainte d\u00e9pos\u00e9e<\/p>\n<p>Interrog\u00e9 par<a href=\"https:\/\/www.leparisien.fr\/high-tech\/naval-group-geant-francais-de-la-defense-maritime-cible-par-des-cybercriminels-25-07-2025-74VARBMKBZDOTIHGL4R3QQVOQI.php\" target=\"_blank\" rel=\"noopener\"> Le Parisien<\/a>, Naval Group a depuis confirm\u00e9 \u00ab \u00eatre la cible d\u2019une attaque r\u00e9putationnelle, caract\u00e9ris\u00e9e par la revendication d\u2019un acte de cybermalveillance \u00bb. Des \u00ab investigations techniques \u00bb ont \u00e9t\u00e9 d\u00e9clench\u00e9es, avec l\u2019appui d\u2019une \u00ab \u00e9quipe d\u2019experts en cybers\u00e9curit\u00e9 \u00bb, le tout en collaboration avec les services de l\u2019\u00c9tat. Vendredi soir, le groupe a assur\u00e9 qu&rsquo;\u00ab aucune intrusion \u00bb n\u2019avait \u00e9t\u00e9 d\u00e9tect\u00e9e dans son syst\u00e8me informatique. Une plainte a \u00e9t\u00e9 d\u00e9pos\u00e9e.<\/p>\n","protected":false},"excerpt":{"rendered":"Des hackers ont-ils subtilis\u00e9 des donn\u00e9es sensibles au g\u00e9ant Naval Group ? Un membre d\u2019un forum du Dark&hellip;\n","protected":false},"author":2,"featured_media":273974,"comment_status":"","ping_status":"","sticky":false,"template":"","format":"standard","meta":{"footnotes":""},"categories":[6],"tags":[11,3450,35,33,34,765,257,1011,27,1781,6127],"class_list":{"0":"post-273973","1":"post","2":"type-post","3":"status-publish","4":"format-standard","5":"has-post-thumbnail","7":"category-economie","8":"tag-actualites","9":"tag-brest","10":"tag-business","11":"tag-economie","12":"tag-economy","13":"tag-en-continu","14":"tag-entreprise","15":"tag-fr","16":"tag-france","17":"tag-lorient","18":"tag-mer"},"share_on_mastodon":{"url":"https:\/\/pubeurope.com\/@fr\/114916589943346915","error":""},"_links":{"self":[{"href":"https:\/\/www.europesays.com\/fr\/wp-json\/wp\/v2\/posts\/273973","targetHints":{"allow":["GET"]}}],"collection":[{"href":"https:\/\/www.europesays.com\/fr\/wp-json\/wp\/v2\/posts"}],"about":[{"href":"https:\/\/www.europesays.com\/fr\/wp-json\/wp\/v2\/types\/post"}],"author":[{"embeddable":true,"href":"https:\/\/www.europesays.com\/fr\/wp-json\/wp\/v2\/users\/2"}],"replies":[{"embeddable":true,"href":"https:\/\/www.europesays.com\/fr\/wp-json\/wp\/v2\/comments?post=273973"}],"version-history":[{"count":0,"href":"https:\/\/www.europesays.com\/fr\/wp-json\/wp\/v2\/posts\/273973\/revisions"}],"wp:featuredmedia":[{"embeddable":true,"href":"https:\/\/www.europesays.com\/fr\/wp-json\/wp\/v2\/media\/273974"}],"wp:attachment":[{"href":"https:\/\/www.europesays.com\/fr\/wp-json\/wp\/v2\/media?parent=273973"}],"wp:term":[{"taxonomy":"category","embeddable":true,"href":"https:\/\/www.europesays.com\/fr\/wp-json\/wp\/v2\/categories?post=273973"},{"taxonomy":"post_tag","embeddable":true,"href":"https:\/\/www.europesays.com\/fr\/wp-json\/wp\/v2\/tags?post=273973"}],"curies":[{"name":"wp","href":"https:\/\/api.w.org\/{rel}","templated":true}]}}