{"id":273977,"date":"2025-07-26T00:01:13","date_gmt":"2025-07-26T00:01:13","guid":{"rendered":"https:\/\/www.europesays.com\/fr\/273977\/"},"modified":"2025-07-26T00:01:13","modified_gmt":"2025-07-26T00:01:13","slug":"en-france-le-socle-commun-un-peu-plus-ebranle-liberation","status":"publish","type":"post","link":"https:\/\/www.europesays.com\/fr\/273977\/","title":{"rendered":"en France, le \u00absocle commun\u00bb un peu plus \u00e9branl\u00e9 \u2013 Lib\u00e9ration"},"content":{"rendered":"<p class=\"sc-ksZaOG ehjQrN text-element\">La reconnaissance d\u2019un Etat palestinien ? Une \u00e9vidence pour les remuants soutiens du gouvernement. La \u00abfamille politique gaulliste\u00bb y a \u00abtoujours \u00e9t\u00e9 favorable\u00bb, jure LR dans un communiqu\u00e9. \u00abOn tient ce discours depuis Fran\u00e7ois Mitterrand\u00bb, rench\u00e9rit le d\u00e9put\u00e9 de l\u2019aile gauche macroniste Ludovic Mendes, en r\u00e9f\u00e9rence \u00e0 l\u2019allocution du pr\u00e9sident socialiste devant la Knesset en 1982. Sauf que plus rien n\u2019est \u00e9vident lorsqu\u2019il s\u2019agit de la <a href=\"https:\/\/www.liberation.fr\/international\/moyen-orient\/en-direct-la-france-va-reconnaitre-la-palestine-lurgence-est-que-cesse-la-guerre-a-gaza-affirme-emmanuel-macron-20250725_TPIOWVBUYNA7LJBKD7XPTUHPQQ\/\" target=\"_blank\" rel=\"noreferrer nofollow noopener\" title=\"https:\/\/www.liberation.fr\/international\/moyen-orient\/en-direct-la-france-va-reconnaitre-la-palestine-lurgence-est-que-cesse-la-guerre-a-gaza-affirme-emmanuel-macron-20250725_TPIOWVBUYNA7LJBKD7XPTUHPQQ\/\">d\u00e9cision d\u2019Emmanuel Macron d\u2019y proc\u00e9der d\u00e8s septembre<\/a>, lors de l\u2019Assembl\u00e9e g\u00e9n\u00e9rale des Nations unies.<\/p>\n<p class=\"sc-ksZaOG ehjQrN text-element\">La droite s\u2019offusque de voir le chef de l\u2019Etat sauter ce pas sans obtenir les<a href=\"https:\/\/www.liberation.fr\/international\/moyen-orient\/macron-et-la-reconnaissance-dun-etat-palestinien-recit-dune-valse-hesitation-20250612_FFOUHQCEGBAIPBSTRBEBYCOYFE\/\" target=\"_blank\" rel=\"noreferrer nofollow noopener\" title=\"https:\/\/www.liberation.fr\/international\/moyen-orient\/macron-et-la-reconnaissance-dun-etat-palestinien-recit-dune-valse-hesitation-20250612_FFOUHQCEGBAIPBSTRBEBYCOYFE\/\"> conditions pr\u00e9<\/a><\/p>\n","protected":false},"excerpt":{"rendered":"La reconnaissance d\u2019un Etat palestinien ? Une \u00e9vidence pour les remuants soutiens du gouvernement. La \u00abfamille politique gaulliste\u00bb&hellip;\n","protected":false},"author":2,"featured_media":273978,"comment_status":"","ping_status":"","sticky":false,"template":"","format":"standard","meta":{"footnotes":""},"categories":[2],"tags":[11,1073,1011,27,3523,12,3518],"class_list":{"0":"post-273977","1":"post","2":"type-post","3":"status-publish","4":"format-standard","5":"has-post-thumbnail","7":"category-actualites","8":"tag-actualites","9":"tag-emmanuel-macron","10":"tag-fr","11":"tag-france","12":"tag-israel-palestine-conflit","13":"tag-news","14":"tag-palestine"},"share_on_mastodon":{"url":"https:\/\/pubeurope.com\/@fr\/114916601575639955","error":""},"_links":{"self":[{"href":"https:\/\/www.europesays.com\/fr\/wp-json\/wp\/v2\/posts\/273977","targetHints":{"allow":["GET"]}}],"collection":[{"href":"https:\/\/www.europesays.com\/fr\/wp-json\/wp\/v2\/posts"}],"about":[{"href":"https:\/\/www.europesays.com\/fr\/wp-json\/wp\/v2\/types\/post"}],"author":[{"embeddable":true,"href":"https:\/\/www.europesays.com\/fr\/wp-json\/wp\/v2\/users\/2"}],"replies":[{"embeddable":true,"href":"https:\/\/www.europesays.com\/fr\/wp-json\/wp\/v2\/comments?post=273977"}],"version-history":[{"count":0,"href":"https:\/\/www.europesays.com\/fr\/wp-json\/wp\/v2\/posts\/273977\/revisions"}],"wp:featuredmedia":[{"embeddable":true,"href":"https:\/\/www.europesays.com\/fr\/wp-json\/wp\/v2\/media\/273978"}],"wp:attachment":[{"href":"https:\/\/www.europesays.com\/fr\/wp-json\/wp\/v2\/media?parent=273977"}],"wp:term":[{"taxonomy":"category","embeddable":true,"href":"https:\/\/www.europesays.com\/fr\/wp-json\/wp\/v2\/categories?post=273977"},{"taxonomy":"post_tag","embeddable":true,"href":"https:\/\/www.europesays.com\/fr\/wp-json\/wp\/v2\/tags?post=273977"}],"curies":[{"name":"wp","href":"https:\/\/api.w.org\/{rel}","templated":true}]}}