{"id":273979,"date":"2025-07-26T00:02:16","date_gmt":"2025-07-26T00:02:16","guid":{"rendered":"https:\/\/www.europesays.com\/fr\/273979\/"},"modified":"2025-07-26T00:02:16","modified_gmt":"2025-07-26T00:02:16","slug":"saint-etienne-entre-a-la-manufacture-darmes-a-15-ans-il-a-participe-a-lelaboration-des-plans-du-famas","status":"publish","type":"post","link":"https:\/\/www.europesays.com\/fr\/273979\/","title":{"rendered":"Saint-\u00c9tienne. Entr\u00e9 \u00e0 la Manufacture d&rsquo;armes \u00e0 15 ans, il a particip\u00e9 \u00e0 l\u2019\u00e9laboration des plans du Famas"},"content":{"rendered":"<p>\u00ab\u00a0Tu veux aller aux Beaux-Arts\u00a0? Tu iras aux cours du soir mais trouve un travail\u00a0!\u00a0\u00bb On est en 1966 quand le p\u00e8re de Serge Valla lui dit \u00e7a. Alors \u00e2g\u00e9 de 15 ans, l\u2019adolescent passionn\u00e9 d\u2019art est entr\u00e9 dans une p\u00e9riode cl\u00e9 de sa vie\u00a0: l\u2019orientation scolaire en fin de coll\u00e8ge. \u00ab\u00a0Et justement, le scolaire, je n\u2019aimais pas trop \u00e7a\u00a0\u00bb, avoue-t-il.<\/p>\n<p>Dans la famille Valla, la Manu sonne comme une ritournelle accessible. Le p\u00e8re, chef d\u2019atelier \u00e0 la rectification et le grand-p\u00e8re, limeur, y ont fait toute leur carri\u00e8re professionnelle.<\/p>\n<p>\u00ab\u00a0Comme Lavilliers, sauf qu\u2019on n\u2019\u00e9tait pas dans la m\u00eame promo\u2026\u00a0\u00bb<\/p>\n<p>C\u2019est donc d\u00e9cid\u00e9, Serge rentre \u00e0 l\u2019\u00e9cole de la Manufacture d\u2019armes de Saint-\u00c9tienne. \u00ab\u00a0Comme&#8230;<\/p>\n","protected":false},"excerpt":{"rendered":"\u00ab\u00a0Tu veux aller aux Beaux-Arts\u00a0? Tu iras aux cours du soir mais trouve un travail\u00a0!\u00a0\u00bb On est en&hellip;\n","protected":false},"author":2,"featured_media":273980,"comment_status":"","ping_status":"","sticky":false,"template":"","format":"standard","meta":{"footnotes":""},"categories":[9653],"tags":[1111,11,2430,1687,7539,341,1777,674,1011,27,3367,12,25,4001,7538,10806,801],"class_list":{"0":"post-273979","1":"post","2":"type-post","3":"status-publish","4":"format-standard","5":"has-post-thumbnail","7":"category-saint-etienne","8":"tag-actu","9":"tag-actualites","10":"tag-auvergne-rhone-alpes","11":"tag-culture-loisirs","12":"tag-edition-loire-sud","13":"tag-emploi","14":"tag-eu","15":"tag-europe","16":"tag-fr","17":"tag-france","18":"tag-loire","19":"tag-news","20":"tag-republique-francaise","21":"tag-saint-etienne","22":"tag-saint-etienne-ville","23":"tag-selection-de-la-redaction-42","24":"tag-social"},"share_on_mastodon":{"url":"https:\/\/pubeurope.com\/@fr\/114916605744854608","error":""},"_links":{"self":[{"href":"https:\/\/www.europesays.com\/fr\/wp-json\/wp\/v2\/posts\/273979","targetHints":{"allow":["GET"]}}],"collection":[{"href":"https:\/\/www.europesays.com\/fr\/wp-json\/wp\/v2\/posts"}],"about":[{"href":"https:\/\/www.europesays.com\/fr\/wp-json\/wp\/v2\/types\/post"}],"author":[{"embeddable":true,"href":"https:\/\/www.europesays.com\/fr\/wp-json\/wp\/v2\/users\/2"}],"replies":[{"embeddable":true,"href":"https:\/\/www.europesays.com\/fr\/wp-json\/wp\/v2\/comments?post=273979"}],"version-history":[{"count":0,"href":"https:\/\/www.europesays.com\/fr\/wp-json\/wp\/v2\/posts\/273979\/revisions"}],"wp:featuredmedia":[{"embeddable":true,"href":"https:\/\/www.europesays.com\/fr\/wp-json\/wp\/v2\/media\/273980"}],"wp:attachment":[{"href":"https:\/\/www.europesays.com\/fr\/wp-json\/wp\/v2\/media?parent=273979"}],"wp:term":[{"taxonomy":"category","embeddable":true,"href":"https:\/\/www.europesays.com\/fr\/wp-json\/wp\/v2\/categories?post=273979"},{"taxonomy":"post_tag","embeddable":true,"href":"https:\/\/www.europesays.com\/fr\/wp-json\/wp\/v2\/tags?post=273979"}],"curies":[{"name":"wp","href":"https:\/\/api.w.org\/{rel}","templated":true}]}}