{"id":273985,"date":"2025-07-26T00:06:32","date_gmt":"2025-07-26T00:06:32","guid":{"rendered":"https:\/\/www.europesays.com\/fr\/273985\/"},"modified":"2025-07-26T00:06:32","modified_gmt":"2025-07-26T00:06:32","slug":"nancy-12-mises-en-examen-apres-des-actions-violentes-contre-des-agents-penitentiaires","status":"publish","type":"post","link":"https:\/\/www.europesays.com\/fr\/273985\/","title":{"rendered":"Nancy : 12 mises en examen apr\u00e8s des actions violentes contre des agents p\u00e9nitentiaires"},"content":{"rendered":"<ul class=\"jsx-862013697 ArticleChapo__List\">\n<li class=\"jsx-862013697 ArticleChapo__List_Item flex\">Douze personnes ont \u00e9t\u00e9 mises en examen, a indiqu\u00e9, jeudi 24 juillet, la Juridiction interr\u00e9gionale sp\u00e9cialis\u00e9e de Nancy.<\/li>\n<li class=\"jsx-862013697 ArticleChapo__List_Item flex\">Elles sont poursuivies dans le cadre d&rsquo;une enqu\u00eate concernant une s\u00e9rie d&rsquo;actions violentes contre des agents p\u00e9nitentiaires.<\/li>\n<\/ul>\n<p data-module=\"article-paragraph\" class=\"jsx-3046738180 Paragraph Paragraph__End\">Plus d&rsquo;une dizaine de personnes poursuivies. Douze individus ont \u00e9t\u00e9 mis en examen dans le cadre d&rsquo;une enqu\u00eate sur une s\u00e9rie d&rsquo;actions violentes visant des agents p\u00e9nitentiaires, annonce jeudi 24 juillet la Juridiction interr\u00e9gionale sp\u00e9cialis\u00e9e (JIRS) de Nancy. Neuf d&rsquo;entre eux ont \u00e9t\u00e9 plac\u00e9s en d\u00e9tention provisoire et trois sous contr\u00f4le judiciaire. Ces proc\u00e9dures font suite \u00e0 plusieurs incendies ou tentatives d&rsquo;agressions graves survenus, depuis le mois d&rsquo;avril, aux domiciles ou aux abords des domiciles d&rsquo;agents p\u00e9nitentiaires dans le secteur de Nancy, explique-t-elle dans un communiqu\u00e9, y voyant des \u00ab\u00a0actions violentes visaient \u00e0 exercer des pressions sur le personnel de la maison d&rsquo;arr\u00eat de Nancy-Max\u00e9ville\u00a0\u00bb.\u00a0<\/p>\n<p>Certains commanditaires \u00e9taient d\u00e9j\u00e0 en prison<\/p>\n<p data-module=\"article-paragraph\" class=\"jsx-3046738180 Paragraph Paragraph__End\">Les premiers \u00e9l\u00e9ments des investigations ont mis en \u00e9vidence \u00ab\u00a0les agissements d&rsquo;une bande structur\u00e9e\u00a0\u00bb et \u00ab\u00a0plusieurs suspects, \u00e2g\u00e9s de 18 \u00e0 26 ans, originaires de la r\u00e9gion parisienne ou des d\u00e9partements du Nord et de la Moselle \u00e9taient mis en cause pour s&rsquo;\u00eatre rendus dans le secteur de Nancy pour commettre des incendies ou des agressions physiques au pr\u00e9judice d&rsquo;agents p\u00e9nitentiaires\u00a0\u00bb, rapporte la JIRS. \u00ab\u00a0Une fois sur place, selon les instructions re\u00e7ues des commanditaires, les ex\u00e9cutants se mettaient en attente en vue d&rsquo;agresser les agents vis\u00e9s ou commettaient des destructions ou des d\u00e9gradations par incendie sur les habitations\u00a0\u00bb, ajoute-t-elle. \u00c0 noter que certains commanditaires mis en causes \u00e9taient d\u00e9j\u00e0 incarc\u00e9r\u00e9s.\u00a0<\/p>\n<p><a href=\"https:\/\/www.tf1info.fr\/justice-faits-divers\/video-tf1-prison-de-haute-securite-les-images-de-l-arrivee-par-helicoptere-de-mohamed-amra-a-vendin-le-vieil-2384996.html\" rel=\"noopener\" class=\"jsx-3308031228 Link flex\" target=\"_blank\"><img decoding=\"async\" src=\"https:\/\/www.europesays.com\/fr\/wp-content\/uploads\/2025\/07\/amra-prison-haute-securite-helico-1f9af3-0@1x.jpeg\" alt=\"Capture TF1\" loading=\"lazy\" importance=\"low\" fetchpriority=\"low\" class=\"\" aria-hidden=\"true\"\/><\/p>\n<p class=\"jsx-3657663356 ReadMoreArticle__Title\">Lire aussi<\/p>\n<p class=\"jsx-3657663356\">Prison de haute s\u00e9curit\u00e9 : les images de l&rsquo;arriv\u00e9e par h\u00e9licopt\u00e8re de Mohamed Amra \u00e0 Vendin-le-Vieil<\/p>\n<p><\/a><\/p>\n<p data-module=\"article-paragraph\" class=\"jsx-3046738180 Paragraph Paragraph__End\">Pour rappel, depuis le 13 avril, de nombreuses attaques contre des \u00e9tablissements p\u00e9nitentiaires, ou les domiciles d&rsquo;agents p\u00e9nitentiaires, ont \u00e9t\u00e9 commises un peu partout en France. Un groupe revendiquant la \u00ab\u00a0d\u00e9fense des droits des prisonniers fran\u00e7ais\u00a0\u00bb, ou DDPF, sigle retrouv\u00e9 aux abords des prisons prises pour cibles, a, en parall\u00e8le, publi\u00e9 des vid\u00e9os et des menaces sur la messagerie crypt\u00e9e Telegram.<\/p>\n<p>M.G avec AFP<\/p>\n","protected":false},"excerpt":{"rendered":"Douze personnes ont \u00e9t\u00e9 mises en examen, a indiqu\u00e9, jeudi 24 juillet, la Juridiction interr\u00e9gionale sp\u00e9cialis\u00e9e de Nancy.&hellip;\n","protected":false},"author":2,"featured_media":273986,"comment_status":"","ping_status":"","sticky":false,"template":"","format":"standard","meta":{"footnotes":""},"categories":[9635],"tags":[1111,11,1921,1777,674,1011,27,775,1922,303,2954,1702,12,1072,25,133,2953],"class_list":{"0":"post-273985","1":"post","2":"type-post","3":"status-publish","4":"format-standard","5":"has-post-thumbnail","7":"category-nancy","8":"tag-actu","9":"tag-actualites","10":"tag-article-video","11":"tag-eu","12":"tag-europe","13":"tag-fr","14":"tag-france","15":"tag-grand-est","16":"tag-info","17":"tag-justice","18":"tag-justice-et-faits-divers","19":"tag-nancy","20":"tag-news","21":"tag-police","22":"tag-republique-francaise","23":"tag-video","24":"tag-video-police"},"share_on_mastodon":{"url":"https:\/\/pubeurope.com\/@fr\/114916621273050810","error":""},"_links":{"self":[{"href":"https:\/\/www.europesays.com\/fr\/wp-json\/wp\/v2\/posts\/273985","targetHints":{"allow":["GET"]}}],"collection":[{"href":"https:\/\/www.europesays.com\/fr\/wp-json\/wp\/v2\/posts"}],"about":[{"href":"https:\/\/www.europesays.com\/fr\/wp-json\/wp\/v2\/types\/post"}],"author":[{"embeddable":true,"href":"https:\/\/www.europesays.com\/fr\/wp-json\/wp\/v2\/users\/2"}],"replies":[{"embeddable":true,"href":"https:\/\/www.europesays.com\/fr\/wp-json\/wp\/v2\/comments?post=273985"}],"version-history":[{"count":0,"href":"https:\/\/www.europesays.com\/fr\/wp-json\/wp\/v2\/posts\/273985\/revisions"}],"wp:featuredmedia":[{"embeddable":true,"href":"https:\/\/www.europesays.com\/fr\/wp-json\/wp\/v2\/media\/273986"}],"wp:attachment":[{"href":"https:\/\/www.europesays.com\/fr\/wp-json\/wp\/v2\/media?parent=273985"}],"wp:term":[{"taxonomy":"category","embeddable":true,"href":"https:\/\/www.europesays.com\/fr\/wp-json\/wp\/v2\/categories?post=273985"},{"taxonomy":"post_tag","embeddable":true,"href":"https:\/\/www.europesays.com\/fr\/wp-json\/wp\/v2\/tags?post=273985"}],"curies":[{"name":"wp","href":"https:\/\/api.w.org\/{rel}","templated":true}]}}