{"id":273987,"date":"2025-07-26T00:10:13","date_gmt":"2025-07-26T00:10:13","guid":{"rendered":"https:\/\/www.europesays.com\/fr\/273987\/"},"modified":"2025-07-26T00:10:13","modified_gmt":"2025-07-26T00:10:13","slug":"previsions-du-samedi-26-juillet-2025-8","status":"publish","type":"post","link":"https:\/\/www.europesays.com\/fr\/273987\/","title":{"rendered":"pr\u00e9visions du samedi 26 juillet 2025"},"content":{"rendered":"<p>\u00c0 Montpellier, les maximales atteindront les 31\u00b0C dans la journ\u00e9e alors que les minimales seront de 19\u00b0C : c&rsquo;est donc un superbe \u00e9t\u00e9. Un vent de nord-ouest, enregistrant 20 km\/h, soufflera. Le matin, un grand soleil brillera. Les valeurs seront de 26\u00b0C. La ville aura quelques \u00e9claircies l&rsquo;apr\u00e8s-midi. C&rsquo;est une hausse de plusieurs degr\u00e9s que vont conna\u00eetre les temp\u00e9ratures pour un climat de plus en plus estival. Les valeurs \u00e9volueront entre 30 et 31\u2009\u00b0C. Le soir, on anticipe des valeurs avoisinant 27\u00b0C. Le ciel sera clair dans la nuit de samedi \u00e0 dimanche.<\/p>\n<p>C&rsquo;est un soleil \u00e9clatant qui va se montrer demain sur Montpellier. Prenez garde \u00e0 la vague de chaud. Des temp\u00e9ratures de 20 \u00e0 30\u00b0C sont annonc\u00e9es. Il fera en moyenne 25\u00b0C. La ville sera touch\u00e9e par un vent de nord-ouest de 26 km\/h. Le matin, le thermom\u00e8tre affichera 26\u00b0C en moyenne. La ville va subir, demain apr\u00e8s-midi, un passage de grosses chaleurs avec des valeurs qui rejoindront parfois les 30\u00b0C. L&rsquo;\u00e9t\u00e9 s&rsquo;est d\u00e9finitivement install\u00e9 puisque les temp\u00e9ratures s&rsquo;\u00e9chelonneront de 27 \u00e0 30\u00b0C.<\/p>\n<p>Peu d&rsquo;\u00e9volutions pour la suite. Un ciel ensoleill\u00e9, pour des temp\u00e9ratures de 30\u00b0C environ, est \u00e0 pr\u00e9voir.<\/p>\n<p>Les fortes temp\u00e9ratures peuvent \u00eatre dangereuses pour les a\u00een\u00e9s, les b\u00e9b\u00e9s et les jeunes enfants : ils sont susceptibles de souffrir de manque d&rsquo;hydratation. Soyez attentifs aux plus vuln\u00e9rables et n&rsquo;oubliez pas de leur proposer \u00e0 boire !<\/p>\n","protected":false},"excerpt":{"rendered":"\u00c0 Montpellier, les maximales atteindront les 31\u00b0C dans la journ\u00e9e alors que les minimales seront de 19\u00b0C :&hellip;\n","protected":false},"author":2,"featured_media":273988,"comment_status":"","ping_status":"","sticky":false,"template":"","format":"standard","meta":{"footnotes":""},"categories":[9599],"tags":[1111,11,1777,674,1011,27,7089,2681,2208,12,2680,2119,25],"class_list":{"0":"post-273987","1":"post","2":"type-post","3":"status-publish","4":"format-standard","5":"has-post-thumbnail","7":"category-montpellier","8":"tag-actu","9":"tag-actualites","10":"tag-eu","11":"tag-europe","12":"tag-fr","13":"tag-france","14":"tag-herault","15":"tag-languedoc-roussillon","16":"tag-montpellier","17":"tag-news","18":"tag-occitanie","19":"tag-previsions-meteo","20":"tag-republique-francaise"},"share_on_mastodon":{"url":"https:\/\/pubeurope.com\/@fr\/114916636951886675","error":""},"_links":{"self":[{"href":"https:\/\/www.europesays.com\/fr\/wp-json\/wp\/v2\/posts\/273987","targetHints":{"allow":["GET"]}}],"collection":[{"href":"https:\/\/www.europesays.com\/fr\/wp-json\/wp\/v2\/posts"}],"about":[{"href":"https:\/\/www.europesays.com\/fr\/wp-json\/wp\/v2\/types\/post"}],"author":[{"embeddable":true,"href":"https:\/\/www.europesays.com\/fr\/wp-json\/wp\/v2\/users\/2"}],"replies":[{"embeddable":true,"href":"https:\/\/www.europesays.com\/fr\/wp-json\/wp\/v2\/comments?post=273987"}],"version-history":[{"count":0,"href":"https:\/\/www.europesays.com\/fr\/wp-json\/wp\/v2\/posts\/273987\/revisions"}],"wp:featuredmedia":[{"embeddable":true,"href":"https:\/\/www.europesays.com\/fr\/wp-json\/wp\/v2\/media\/273988"}],"wp:attachment":[{"href":"https:\/\/www.europesays.com\/fr\/wp-json\/wp\/v2\/media?parent=273987"}],"wp:term":[{"taxonomy":"category","embeddable":true,"href":"https:\/\/www.europesays.com\/fr\/wp-json\/wp\/v2\/categories?post=273987"},{"taxonomy":"post_tag","embeddable":true,"href":"https:\/\/www.europesays.com\/fr\/wp-json\/wp\/v2\/tags?post=273987"}],"curies":[{"name":"wp","href":"https:\/\/api.w.org\/{rel}","templated":true}]}}