{"id":273995,"date":"2025-07-26T00:17:35","date_gmt":"2025-07-26T00:17:35","guid":{"rendered":"https:\/\/www.europesays.com\/fr\/273995\/"},"modified":"2025-07-26T00:17:35","modified_gmt":"2025-07-26T00:17:35","slug":"a-rennes-un-risque-de-danger-imminent-dans-ces-batiments-du-centre-historique","status":"publish","type":"post","link":"https:\/\/www.europesays.com\/fr\/273995\/","title":{"rendered":"\u00c0 Rennes, un risque de \u00ab\u00a0danger imminent\u00a0\u00bb dans ces b\u00e2timents du centre historique"},"content":{"rendered":"<p>Dans un arr\u00eat\u00e9 municipal envoy\u00e9 en pr\u00e9fecture mercredi 23\u00a0juillet 2025, la Ville de Rennes d\u00e9cide que plusieurs b\u00e2timents du centre ancien doivent \u00eatre \u00e9vacu\u00e9s, <strong>\u00ab\u00a0compte tenu des risques et dangers existants\u00a0\u00bb<\/strong> sur les immeubles collectifs situ\u00e9s au 3 et 5 rue de Penho\u00ebt, et au 4,\u00a0rue Saint-Michel. Les occupants devront donc \u00e9vacuer les immeubles et la cour, interdire l\u2019acc\u00e8s aux parties communes.<\/p>\n<p>\u00ab\u00a0Un niveau de d\u00e9gradation important\u00a0\u00bb<\/p>\n<p>Un expert judiciaire a constat\u00e9 que <strong>\u00ab\u00a0les fa\u00e7ades pr\u00e9sentent, depuis la cour, un niveau de d\u00e9gradation important\u00a0\u00bb<\/strong>. Pour lui, la situation de ces immeubles est <strong>\u00ab\u00a0\u00e0 risque, avec danger imminent et manifeste\u00a0\u00bb<\/strong>, il est n\u00e9cessaire de mettre en \u0153uvre <strong>\u00ab\u00a0des mesures d\u2019urgence\u00a0\u00bb<\/strong>.<\/p>\n<p><strong>Lire\u00a0aussi. <\/strong> <a href=\"https:\/\/rennes.maville.com\/actu\/actudet_-a-rennes-des-appartements-evacues-dans-deux-immeubles-fragilises-du-centre-ancien-_7-6846912_actu.Htm\" target=\"_blank\" rel=\"noopener\">\u00c0 Rennes, des appartements \u00e9vacu\u00e9s dans deux immeubles fragilis\u00e9s du centre ancien<\/a><\/p>\n<p>Au-del\u00e0 de la solidit\u00e9 des b\u00e2timents compromise par <strong>\u00ab\u00a0des d\u00e9gradations structurales s\u00e9rieuses et \u00e9volutives\u00a0\u00bb<\/strong>, du risque de chute d\u2019\u00e9l\u00e9ment de construction, son rapport pointe aussi l\u2019\u00e9tat des installations \u00e9lectriques. Elles sont<strong> \u00ab\u00a0accessibles, non s\u00e9curis\u00e9es et potentiellement sous tension\u00a0\u00bb<\/strong>, avec un risque pour la s\u00e9curit\u00e9 des personnes et des biens.<\/p>\n<p>\t<img decoding=\"async\" src=\"https:\/\/www.europesays.com\/fr\/wp-content\/uploads\/2025\/07\/P35371129D6911174G_px_640_.jpg\" alt=\"photo l\u2019immeuble, situ\u00e9 au 4,\u00a0rue saint-michel (avec l\u2019ancien barantic au rez-de-chauss\u00e9e), est \u00e9galement concern\u00e9.  \u00a9  ouest-france\" width=\"640\" title=\" L\u2019immeuble, situ\u00e9 au 4,\u00a0rue Saint-Michel (avec l\u2019ancien Barantic au rez-de-chauss\u00e9e), est \u00e9galement concern\u00e9.   Ouest-France \"\/><\/p>\n<p class=\"elmt-legende\"> L\u2019immeuble, situ\u00e9 au 4,\u00a0rue Saint-Michel (avec l\u2019ancien Barantic au rez-de-chauss\u00e9e), est \u00e9galement concern\u00e9.   Ouest-France <\/p>\n<p>Toujours d\u2019apr\u00e8s son rapport, <strong>\u00ab\u00a0l\u2019accessibilit\u00e9 \u00e0 la cour et aux dessertes des logements doit \u00eatre proscrite jusqu\u2019\u00e0 s\u00e9curisation compl\u00e8te des lieux\u00a0\u00bb<\/strong>. L\u2019interdiction d\u2019habiter, d\u2019occuper et d\u2019utiliser ces immeubles prend effet d\u00e8s la notification de l\u2019arr\u00eat\u00e9 municipal. Les occupants devront donc rapidement trouver une solution de repli, en attendant la fin des travaux.<\/p>\n<p><a href=\"https:\/\/rennes.maville.com\/actu\/actudet_-recit.-comment-le-centre-historique-de-rennes-a-failli-s-effondrer-_7-4572277_actu.Htm\" rel=\"nofollow noopener\" target=\"_blank\">R\u00c9CIT. Comment le centre ancien de Rennes a failli s\u2019effondrer<\/a><\/p>\n<p>Un grand plan de sauvegarde du centre ancien<\/p>\n<p>Sur les 1 600 immeubles du centre historique, 660 sont jug\u00e9s dans un \u00e9tat d\u00e9grad\u00e9 et la moiti\u00e9 \u00e0 la limite du p\u00e9ril. Depuis 2011, l<a href=\"https:\/\/rennes.maville.com\/actu\/actudet_-enquete.-a-rennes-dix-ans-apres-?le-centre-ancien-est-il-en-passe-d-etre-sauve-_7-4572297_actu.Htm\" rel=\"nofollow noopener\" target=\"_blank\">a ville de Rennes est lanc\u00e9e dans un grand plan de r\u00e9habilitation ces immeubles<\/a>. Plus de 250 ont d\u00e9j\u00e0 \u00e9t\u00e9 sauvegard\u00e9s. <a href=\"https:\/\/rennes.maville.com\/actu\/actudet_-fragilite-du-centre-historique-de-rennes-100-nouveaux-immeubles-seront-rehabilites-d-ici-2030-_52674-5535675_actu.Htm\" rel=\"nofollow noopener\" target=\"_blank\">En 2022, le plan a \u00e9t\u00e9 reconduit jusqu\u2019en 2030,<\/a> avec l\u2019objectif d\u2019en r\u00e9nover une centaine suppl\u00e9mentaire.<\/p>\n<p>\u00a0<\/p>\n","protected":false},"excerpt":{"rendered":"Dans un arr\u00eat\u00e9 municipal envoy\u00e9 en pr\u00e9fecture mercredi 23\u00a0juillet 2025, la Ville de Rennes d\u00e9cide que plusieurs b\u00e2timents&hellip;\n","protected":false},"author":2,"featured_media":273996,"comment_status":"","ping_status":"","sticky":false,"template":"","format":"standard","meta":{"footnotes":""},"categories":[2821],"tags":[1111,11,24952,829,3335,4511,1777,674,1011,27,15287,41359,12,584,25,4510],"class_list":{"0":"post-273995","1":"post","2":"type-post","3":"status-publish","4":"format-standard","5":"has-post-thumbnail","7":"category-rennes","8":"tag-actu","9":"tag-actualites","10":"tag-batiments","11":"tag-bretagne","12":"tag-centre","13":"tag-danger","14":"tag-eu","15":"tag-europe","16":"tag-fr","17":"tag-france","18":"tag-historique","19":"tag-imminent","20":"tag-news","21":"tag-rennes","22":"tag-republique-francaise","23":"tag-risque"},"share_on_mastodon":{"url":"https:\/\/pubeurope.com\/@fr\/114916664684702367","error":""},"_links":{"self":[{"href":"https:\/\/www.europesays.com\/fr\/wp-json\/wp\/v2\/posts\/273995","targetHints":{"allow":["GET"]}}],"collection":[{"href":"https:\/\/www.europesays.com\/fr\/wp-json\/wp\/v2\/posts"}],"about":[{"href":"https:\/\/www.europesays.com\/fr\/wp-json\/wp\/v2\/types\/post"}],"author":[{"embeddable":true,"href":"https:\/\/www.europesays.com\/fr\/wp-json\/wp\/v2\/users\/2"}],"replies":[{"embeddable":true,"href":"https:\/\/www.europesays.com\/fr\/wp-json\/wp\/v2\/comments?post=273995"}],"version-history":[{"count":0,"href":"https:\/\/www.europesays.com\/fr\/wp-json\/wp\/v2\/posts\/273995\/revisions"}],"wp:featuredmedia":[{"embeddable":true,"href":"https:\/\/www.europesays.com\/fr\/wp-json\/wp\/v2\/media\/273996"}],"wp:attachment":[{"href":"https:\/\/www.europesays.com\/fr\/wp-json\/wp\/v2\/media?parent=273995"}],"wp:term":[{"taxonomy":"category","embeddable":true,"href":"https:\/\/www.europesays.com\/fr\/wp-json\/wp\/v2\/categories?post=273995"},{"taxonomy":"post_tag","embeddable":true,"href":"https:\/\/www.europesays.com\/fr\/wp-json\/wp\/v2\/tags?post=273995"}],"curies":[{"name":"wp","href":"https:\/\/api.w.org\/{rel}","templated":true}]}}