{"id":273997,"date":"2025-07-26T00:18:23","date_gmt":"2025-07-26T00:18:23","guid":{"rendered":"https:\/\/www.europesays.com\/fr\/273997\/"},"modified":"2025-07-26T00:18:23","modified_gmt":"2025-07-26T00:18:23","slug":"a-rennes-des-travaux-dampleur-expliquent-la-coupure-deau-chaude-dans-le-sud-de-la-ville-2","status":"publish","type":"post","link":"https:\/\/www.europesays.com\/fr\/273997\/","title":{"rendered":"\u00c0 Rennes, des travaux d\u2019ampleur expliquent la coupure d\u2019eau chaude dans le sud de la ville"},"content":{"rendered":"<p><a href=\"https:\/\/rennes.maville.com\/actu\/actudet_-pour-alimenter-tout-le-sud-de-rennes-une-nouvelle-chaufferie-construite-en-intrarocade-_7-5792783_actu.Htm\" target=\"_blank\" rel=\"noopener\">Le r\u00e9seau de chaleur du sud de Rennes m\u00e9tropole<\/a> fait l\u2019objet cet \u00e9t\u00e9 d\u2019importants travaux de modernisation.\u00a0Ces travaux ont d\u00e9marr\u00e9 par un arr\u00eat complet (chaufferie, r\u00e9seau, sous-stations) qui s\u2019est d\u00e9roul\u00e9 du lundi\u00a07 au vendredi 11\u00a0juillet 2025, <strong>\u00ab\u00a0un arr\u00eat exceptionnel par sa dur\u00e9e et son ampleur\u00a0\u00bb<\/strong>.\u00a0Apr\u00e8s une pr\u00e9-information r\u00e9alis\u00e9e en mars, un courrier d\u2019information a d\u2019ailleurs \u00e9t\u00e9 transmis aux abonn\u00e9s du r\u00e9seau.<\/p>\n<p><strong>Lire aussi.<\/strong>\u00a0<a href=\"https:\/\/rennes.maville.com\/actu\/actudet_-a-rennes-l-extension-du-reseau-de-chauffage-urbain-se-poursuit-_7-6223928_actu.Htm\" target=\"_blank\" rel=\"noopener\">\u00c0 Rennes, l\u2019extension du r\u00e9seau de chauffage urbain se poursuit<\/a><\/p>\n<p>Malgr\u00e9 cette communication en amont, des habitants ont \u00e9t\u00e9 surpris de se retrouver priv\u00e9s d\u2019eau chaude. En particulier dans la r\u00e9sidence Olympiades, un ensemble de\u00a0216\u00a0logements situ\u00e9 square du Luxembourg, all\u00e9e du Labrador et avenue du Canada. Le service a \u00e9t\u00e9 interrompu comme pr\u00e9vu du 7 au 11\u00a0juillet, mais la pompe qui permet la production d\u2019eau chaude pour une partie des b\u00e2timents est tomb\u00e9e en panne. Cette pompe a \u00e9t\u00e9 remplac\u00e9e le lundi 14\u00a0juillet.<\/p>\n<p>\u00c0 l\u2019avenir, un r\u00e9seau \u00ab\u00a0plus performant, plus fiable\u00a0\u00bb<\/p>\n<p><strong>\u00ab\u00a0Depuis, aucune nouvelle demande d\u2019intervention n\u2019a \u00e9t\u00e9 enregistr\u00e9e. L\u2019exploitant des installations de la copropri\u00e9t\u00e9 est intervenu jeudi, ce qui devrait permettre le bon fonctionnement chez tous les usagers\u00a0\u00bb<\/strong>, indiquent les services de Rennes m\u00e9tropole.\u00a0Ces travaux engag\u00e9s en \u00e9t\u00e9 s\u2019inscrivent dans un chantier plus vaste, qui permettra de rendre le r\u00e9seau de chaleur <strong>\u00ab\u00a0plus performant, plus fiable, de l\u2019\u00e9tendre \u00e0 de nouveaux quartiers, et de r\u00e9duire sa d\u00e9pendance au gaz naturel\u00a0\u00bb.<\/strong><\/p>\n<p><a href=\"https:\/\/rennes.maville.com\/actu\/actudet_-a-rennes-22-000-habitants-sont-chauffes-grace-a-ce-fleuron-d-edf-_7-6647966_actu.Htm\" target=\"_blank\" rel=\"noopener\">La r\u00e9novation compl\u00e8te de la chaufferie du Blosne<\/a> a d\u00e9marr\u00e9. Par ailleurs, les travaux se poursuivent chez les abonn\u00e9s avec la r\u00e9novation de 74\u00a0sous-stations. Ils occasionnent \u00e0 chaque fois une coupure de service localis\u00e9e de 48 \u00e0 72\u00a0heures.<strong> \u00ab\u00a0Ces coupures font syst\u00e9matiquement l\u2019objet de mails adress\u00e9s aux gestionnaires des b\u00e2timents, et d\u2019un affichage en pied d\u2019immeuble r\u00e9alis\u00e9 la semaine pr\u00e9c\u00e9dant la coupure.\u00a0\u00bb<\/strong><\/p>\n<p>\u00a0<\/p>\n","protected":false},"excerpt":{"rendered":"Le r\u00e9seau de chaleur du sud de Rennes m\u00e9tropole fait l\u2019objet cet \u00e9t\u00e9 d\u2019importants travaux de modernisation.\u00a0Ces travaux&hellip;\n","protected":false},"author":2,"featured_media":273512,"comment_status":"","ping_status":"","sticky":false,"template":"","format":"standard","meta":{"footnotes":""},"categories":[2821],"tags":[1111,11,41295,829,27703,35844,4858,1777,674,41296,1011,27,12,584,25,7053,2086,4824],"class_list":{"0":"post-273997","1":"post","2":"type-post","3":"status-publish","4":"format-standard","5":"has-post-thumbnail","7":"category-rennes","8":"tag-actu","9":"tag-actualites","10":"tag-ampleur","11":"tag-bretagne","12":"tag-chaude","13":"tag-coupure","14":"tag-eau","15":"tag-eu","16":"tag-europe","17":"tag-expliquent","18":"tag-fr","19":"tag-france","20":"tag-news","21":"tag-rennes","22":"tag-republique-francaise","23":"tag-sud","24":"tag-travaux","25":"tag-ville"},"share_on_mastodon":{"url":"https:\/\/pubeurope.com\/@fr\/114916668478777418","error":""},"_links":{"self":[{"href":"https:\/\/www.europesays.com\/fr\/wp-json\/wp\/v2\/posts\/273997","targetHints":{"allow":["GET"]}}],"collection":[{"href":"https:\/\/www.europesays.com\/fr\/wp-json\/wp\/v2\/posts"}],"about":[{"href":"https:\/\/www.europesays.com\/fr\/wp-json\/wp\/v2\/types\/post"}],"author":[{"embeddable":true,"href":"https:\/\/www.europesays.com\/fr\/wp-json\/wp\/v2\/users\/2"}],"replies":[{"embeddable":true,"href":"https:\/\/www.europesays.com\/fr\/wp-json\/wp\/v2\/comments?post=273997"}],"version-history":[{"count":0,"href":"https:\/\/www.europesays.com\/fr\/wp-json\/wp\/v2\/posts\/273997\/revisions"}],"wp:featuredmedia":[{"embeddable":true,"href":"https:\/\/www.europesays.com\/fr\/wp-json\/wp\/v2\/media\/273512"}],"wp:attachment":[{"href":"https:\/\/www.europesays.com\/fr\/wp-json\/wp\/v2\/media?parent=273997"}],"wp:term":[{"taxonomy":"category","embeddable":true,"href":"https:\/\/www.europesays.com\/fr\/wp-json\/wp\/v2\/categories?post=273997"},{"taxonomy":"post_tag","embeddable":true,"href":"https:\/\/www.europesays.com\/fr\/wp-json\/wp\/v2\/tags?post=273997"}],"curies":[{"name":"wp","href":"https:\/\/api.w.org\/{rel}","templated":true}]}}