{"id":274005,"date":"2025-07-26T00:23:22","date_gmt":"2025-07-26T00:23:22","guid":{"rendered":"https:\/\/www.europesays.com\/fr\/274005\/"},"modified":"2025-07-26T00:23:22","modified_gmt":"2025-07-26T00:23:22","slug":"ouest-radio-assistance-les-facilitateurs-de-fete","status":"publish","type":"post","link":"https:\/\/www.europesays.com\/fr\/274005\/","title":{"rendered":"Ouest Radio Assistance : les facilitateurs de f\u00eate !"},"content":{"rendered":"\n<p data-start=\"388\" data-end=\"632\">Festival, 14 juillet \u00e0 Savenay, matchs et concerts :\u00a0<strong>ORA<\/strong>\u00a0(Ouest Radio Assistance) veille sur la fluidit\u00e9 et la s\u00e9curit\u00e9. Travers\u00e9es pi\u00e9tonnes, parkings, logistique\u2026 leur pr\u00e9sence est devenue pr\u00e9cieuse. Cr\u00e9\u00e9e il y a huit ans par Aur\u00e9lie, Mathieu et St\u00e9phane, l\u2019association mise sur l\u2019inclusion. Handicap invisible ou non, chacun trouve sa place. L&rsquo;inclusion et leur travail a s\u00e9duit : la <strong>SEMITAN, le Racing Club Nantais, Odyss\u00e9a ou encore les Foul\u00e9es Nantaises<\/strong> leur font confiance et les soutiennent depuis le d\u00e9but. Un petit local, des radios, du mat\u00e9riel et une \u00e9quipe soud\u00e9e :\u00a0ORA\u00a0est aujourd\u2019hui une vraie force sur le terrain.<\/p>\n<p data-start=\"388\" data-end=\"632\">Mais depuis la baisse r\u00e9cente des subventions, la situation se tend. Les partenaires se font plus rares, et les prestataires sollicitent moins souvent\u00a0ORA. Une tendance que d\u00e9plore Mathieu Vitard, pr\u00e9sident de l\u2019association : \u00ab\u00a0Sur certains \u00e9v\u00e9nements, l\u00e0, on a eu un \u00e9v\u00e9nement que je ne citerai pas mais qui s&rsquo;est r\u00e9solu, des partenaires qui nous fournissent de plus en plus des repas un peu compliqu\u00e9s, c&rsquo;est-\u00e0-dire qu&rsquo;ils nous fournisent un pauvre sandwich, etc. <strong>Parce qu&rsquo;il paye une prestation entre guillemets, sauf qu&rsquo;on ne comprenne pas qu&rsquo;\u00e0 c\u00f4t\u00e9 il y a des b\u00e9n\u00e9voles, de toute fa\u00e7on que ce soit des b\u00e9n\u00e9voles ou des salari\u00e9s, je pense qu&rsquo;y a le respect de la personne humaine <\/strong>qui est vraiment tr\u00e8s compliqu\u00e9 et il faut se battre pour des petits d\u00e9tails, c&rsquo;est vraiment fatigant. Et l\u00e0, la derni\u00e8re fois, on a fait un super bel \u00e9v\u00e9nement, apr\u00e8s je parlerai pas de l&rsquo;\u00e9v\u00e9nement parce que \u00e7a sert \u00e0 rien. Et du coup, sur cet \u00e9manement-l\u00e0, je me suis battu pour avoir la nourriture, pour les gars, d&rsquo;avoir quelque chose qui tienne la route de 9h \u00e0 19h.\u00a0\u00bb<\/p>\n<p>\u00a0<\/p>\n<p>Aur\u00e9lie Couturier, la co-fondatrice explique la r\u00e9alit\u00e9 de cet engagement : \u00ab\u00a0Le fait que nous, les personnes qui font du b\u00e9n\u00e9volat chez nous, \u00e7a les apprend \u00e0 murir int\u00e9rieurement et on leur apprends \u00e0 g\u00e9rer une crise ou \u00e0 prendre des responsabilit\u00e9s sur un poste. <strong>Ils font comme on leur a demand\u00e9 et cela leur apprend \u00e0 se g\u00e9rer. Et dans la vie ext\u00e9rieure, \u00e7a leur sert beaucoup. Dans tout ce qui est garder son sang froid, ne pas r\u00e9pondre aux insultes, etc. <\/strong>Cela nous arrive souvent de nous faire insulter par les pi\u00e9tons, les v\u00e9los et tout \u00e7a parce qu&rsquo;on fait notre travail. Sauf que nous, on ne peut pas r\u00e9torquer vers ces personnes-l\u00e0 parce qu&rsquo;apr\u00e8s \u00e7a nous retombe dessus. <strong>On doit dire oui, vous avez raison, pardon. Mais tous nos b\u00e9n\u00e9voles et adh\u00e9rents, quand on leur fait le briefing, on leur dit clairement les choses. Vous n&rsquo;insultez pas. Vous restez calme.<\/strong> Si vraiment la situation c&rsquo;est grave, vous avez le plus responsable de votre secteur qui viendra lui-m\u00eame g\u00e9rer la situation. Et s&rsquo;il lui-meme n&rsquo;arrive pas \u00e0 g\u00e9rer, ce sera les forces de l&rsquo;ordre, point.\u00a0\u00bb<\/p>\n<p>\u00a0<\/p>\n","protected":false},"excerpt":{"rendered":"Festival, 14 juillet \u00e0 Savenay, matchs et concerts :\u00a0ORA\u00a0(Ouest Radio Assistance) veille sur la fluidit\u00e9 et la s\u00e9curit\u00e9.&hellip;\n","protected":false},"author":2,"featured_media":274006,"comment_status":"","ping_status":"","sticky":false,"template":"","format":"standard","meta":{"footnotes":""},"categories":[2818],"tags":[1111,11,13292,1438,1465,13293,3450,829,4356,2171,4357,3472,434,1777,674,9593,3337,3321,2257,1011,27,9518,848,1114,13289,2693,66,3047,1781,13291,13290,3729,766,12,9144,2636,3319,584,25,4937,3728,3272,60,3087,3165,2546],"class_list":{"0":"post-274005","1":"post","2":"type-post","3":"status-publish","4":"format-standard","5":"has-post-thumbnail","7":"category-nantes","8":"tag-actu","9":"tag-actualites","10":"tag-aeroport-notre-dame-des-landes","11":"tag-angers","12":"tag-basket","13":"tag-bonnets-rouges","14":"tag-brest","15":"tag-bretagne","16":"tag-coronavirus","17":"tag-cotes-darmor","18":"tag-covid-19","19":"tag-dinan","20":"tag-epidemie","21":"tag-eu","22":"tag-europe","23":"tag-fcn","24":"tag-festivals","25":"tag-finistere","26":"tag-foot","27":"tag-fr","28":"tag-france","29":"tag-hand","30":"tag-ille-et-vilaine","31":"tag-infos","32":"tag-la-roche-sur-yon","33":"tag-laval","34":"tag-ligue-1","35":"tag-loire-atlantique","36":"tag-lorient","37":"tag-maine-et-loire","38":"tag-mayenne","39":"tag-morbihan","40":"tag-nantes","41":"tag-news","42":"tag-ouest","43":"tag-pays-de-la-loire","44":"tag-quimper","45":"tag-rennes","46":"tag-republique-francaise","47":"tag-saint-brieuc","48":"tag-saint-malo","49":"tag-saint-nazaire","50":"tag-sports","51":"tag-stade-rennais","52":"tag-vannes","53":"tag-vendee"},"share_on_mastodon":{"url":"","error":"Validation failed: Text character limit of 500 exceeded"},"_links":{"self":[{"href":"https:\/\/www.europesays.com\/fr\/wp-json\/wp\/v2\/posts\/274005","targetHints":{"allow":["GET"]}}],"collection":[{"href":"https:\/\/www.europesays.com\/fr\/wp-json\/wp\/v2\/posts"}],"about":[{"href":"https:\/\/www.europesays.com\/fr\/wp-json\/wp\/v2\/types\/post"}],"author":[{"embeddable":true,"href":"https:\/\/www.europesays.com\/fr\/wp-json\/wp\/v2\/users\/2"}],"replies":[{"embeddable":true,"href":"https:\/\/www.europesays.com\/fr\/wp-json\/wp\/v2\/comments?post=274005"}],"version-history":[{"count":0,"href":"https:\/\/www.europesays.com\/fr\/wp-json\/wp\/v2\/posts\/274005\/revisions"}],"wp:featuredmedia":[{"embeddable":true,"href":"https:\/\/www.europesays.com\/fr\/wp-json\/wp\/v2\/media\/274006"}],"wp:attachment":[{"href":"https:\/\/www.europesays.com\/fr\/wp-json\/wp\/v2\/media?parent=274005"}],"wp:term":[{"taxonomy":"category","embeddable":true,"href":"https:\/\/www.europesays.com\/fr\/wp-json\/wp\/v2\/categories?post=274005"},{"taxonomy":"post_tag","embeddable":true,"href":"https:\/\/www.europesays.com\/fr\/wp-json\/wp\/v2\/tags?post=274005"}],"curies":[{"name":"wp","href":"https:\/\/api.w.org\/{rel}","templated":true}]}}