{"id":274013,"date":"2025-07-26T00:27:14","date_gmt":"2025-07-26T00:27:14","guid":{"rendered":"https:\/\/www.europesays.com\/fr\/274013\/"},"modified":"2025-07-26T00:27:14","modified_gmt":"2025-07-26T00:27:14","slug":"a-toulouse-lautorite-environnementale-pointe-un-manque-dambition-pour-la-sante-des-habitants","status":"publish","type":"post","link":"https:\/\/www.europesays.com\/fr\/274013\/","title":{"rendered":"\u00e0 Toulouse, l&rsquo;Autorit\u00e9 environnementale pointe un manque d&rsquo;ambition pour la sant\u00e9 des habitants"},"content":{"rendered":"<p>            Par<br \/>\n        <strong><br \/>\n            <a href=\"https:\/\/actu.fr\/auteur\/enzo-legros\" title=\"Consulter tous les articles de Enzo Legros\" target=\"_blank\" rel=\"noopener\">Enzo Legros<\/a><br \/>\n        <\/strong><\/p>\n<p>        Publi\u00e9 le<\/p>\n<p>            25 juil. 2025 \u00e0 17h05        <\/p>\n<p>\u00ab<strong>\u2009Le dossier est de qualit\u00e9 in\u00e9gale<\/strong>\u2009\u00bb. Pour l\u2019Autorit\u00e9 environnementale (AE), <a href=\"https:\/\/actu.fr\/toulouse\/\" target=\"_blank\" rel=\"noopener\">l\u2019agglom\u00e9ration de Toulouse<\/a> n\u2019a pas encore pris le probl\u00e8me de la <a href=\"https:\/\/actu.fr\/toulouse\/pollution\" target=\"_blank\" rel=\"noopener\">pollution de l\u2019air<\/a> \u00e0 bras-le-corps. Le 10\u00a0juillet 2025, 10 experts du d\u00e9veloppement durable ont rendu un avis sur le nouveau <strong>plan de protection de l\u2019atmosph\u00e8re (PPA)<\/strong> le pr\u00e9c\u00e9dent adopt\u00e9 pour la p\u00e9riode 2016-2020. Il vise \u00e0 faire rentrer pas moins de <strong>114\u00a0communes<\/strong> dans les clous \u00e9cologiques fix\u00e9s \u00e0 l\u2019\u00e9chelle europ\u00e9enne pour 2030.<\/p>\n<p class=\" wall-content\">Dans un rapport de 50 pages, les scientifiques et chercheurs ont point\u00e9 <strong>un manque d\u2019ambition<\/strong> et de pr\u00e9cision dans le projet, pourtant essentiel pour <a href=\"https:\/\/actu.fr\/tag\/sante\" target=\"_blank\" rel=\"noopener\">la sant\u00e9 des habitants<\/a> de l\u2019agglom\u00e9ration.<\/p>\n<p>La sant\u00e9 peu prise en compte \u00e0 Toulouse<\/p>\n<p class=\" wall-content\">\u00ab\u2009Le PPA, d\u00e9clin\u00e9 en 30 actions, vise principalement les \u00e9missions li\u00e9es au <a href=\"https:\/\/actu.fr\/tag\/info-trafic\" target=\"_blank\" rel=\"noopener\">trafic routier<\/a>, au chauffage au bois et au br\u00fblage de d\u00e9chets verts\u2009\u00bb, note l\u2019AE. Seulement pour elle, le sujet qui devrait b\u00e9n\u00e9ficier d\u2019une priorit\u00e9 d\u2019investissements est surtout \u00ab\u2009la sant\u00e9 des habitants expos\u00e9s \u00e0 la pollution de l\u2019air\u2009\u00bb. Elle regrette par exemple que plusieurs particules et compos\u00e9s chimiques n\u00e9fastes pour l\u2019\u00eatre humain, comme l\u2019<strong>ammoniac<\/strong>, l\u2019ozone et les oxydes d\u2019azotes, ne soient pas int\u00e9gr\u00e9s dans le plan.<\/p>\n<p class=\" wall-content\">\u00ab\u2009L\u2019exclusion de l\u2019ammoniac est discutable, vu l\u2019enjeu \u2013 reconnu- qu\u2019il repr\u00e9sente, et plus d\u2019ambition en la mati\u00e8re est souhaitable\u2009\u00bb, critique le rapport.<\/p>\n<p>Des mesures pas assez concr\u00e8tes<\/p>\n<p class=\" wall-content\">Hormis ces \u00e9l\u00e9ments manquants, l\u2019AE rel\u00e8ve un manque d\u2019ambition dans les missions du PPA.<\/p>\n<blockquote class=\"ac-article-quote wall-content\">\n<p>\u00ab\u00a0Il n\u2019est pas explicit\u00e9 dans le dossier si le PPA a des objectifs en termes concentrations moyennes, et sur quel polluant. Cela est important car (&#8230;) les r\u00e9sultats de ces calculs pourraient alimenter des cibles quantifi\u00e9es\u00a0\u00bb<\/p>\n<p>    <strong>Autorit\u00e9 environnementale<\/strong>\n            <\/p><\/blockquote>\n<p class=\" wall-content\">Pour ce qui est des actions pr\u00e9vues dans le PPA, comme le renouvellement de la flotte de <a href=\"https:\/\/actu.fr\/occitanie\/toulouse_31555\/nouveaux-bus-express-lignes-rallongees-communes-enfin-desservies-cela-va-bouger-dans-l-agglo-de-toulouse_62796301.html\" target=\"_blank\" rel=\"noopener\">transport en commun<\/a>, la promotion du covoiturage ou l\u2019installation de nouvelles stations de recharge \u00e9lectrique, aucune \u00e9ch\u00e9ance ni objectif pr\u00e9cis ne sont pas cit\u00e9s.<\/p>\n<p class=\" wall-content\">\u00ab\u2009Des cibles restent pourtant n\u00e9cessaires, ne serait-ce que pour permettre un suivi et une \u00e9valuation des actions du PPA\u2009\u00bb.<\/p>\n<p>Plus d\u2019actions pour rentrer dans les clous en 2030<\/p>\n<p class=\" wall-content\">Les actions du plan sont aussi jug\u00e9es <strong>peu nombreuses et pas assez concr\u00e8tes.<\/strong> L\u2019AE \u00ab\u2009recommande de proposer des actions permettant de respecter les nouvelles valeurs r\u00e9glementaires europ\u00e9ennes applicables en 2030, et de renforcer certaines des actions propos\u00e9es\u2009\u00bb.<\/p>\n<p class=\" wall-content\">Les <strong>transports routiers<\/strong> et le <strong>secteur r\u00e9sidentiel<\/strong> sont les deux plus grandes causes de d\u00e9t\u00e9rioration de la qualit\u00e9 de l\u2019air dans l\u2019agglom\u00e9ration toulousaine.<\/p>\n<p class=\" wall-content\">Suivez toute l\u2019actualit\u00e9 de vos villes et m\u00e9dias favoris en vous inscrivant \u00e0 <a href=\"https:\/\/moncompte.actu.fr\" title=\"D\u00e9couvez Mon Actu\" rel=\"nofollow noopener\" data-trk=\"{&quot;cta&quot;:{&quot;action&quot;:&quot;https:\\\/\\\/moncompte.actu.fr&quot;,&quot;category&quot;:&quot;mon compte&quot;,&quot;from&quot;:&quot;article footer&quot;,&quot;name&quot;:&quot;Mon actu&quot;,&quot;type&quot;:&quot;cta&quot;}}\" target=\"_blank\">Mon Actu<\/a>.<\/p>\n","protected":false},"excerpt":{"rendered":"Par Enzo Legros Publi\u00e9 le 25 juil. 2025 \u00e0 17h05 \u00ab\u2009Le dossier est de qualit\u00e9 in\u00e9gale\u2009\u00bb. Pour l\u2019Autorit\u00e9&hellip;\n","protected":false},"author":2,"featured_media":274014,"comment_status":"","ping_status":"","sticky":false,"template":"","format":"standard","meta":{"footnotes":""},"categories":[2816],"tags":[1111,11,436,1777,674,1011,27,12,2680,52,1800,25,71,2312],"class_list":{"0":"post-274013","1":"post","2":"type-post","3":"status-publish","4":"format-standard","5":"has-post-thumbnail","7":"category-toulouse","8":"tag-actu","9":"tag-actualites","10":"tag-environnement","11":"tag-eu","12":"tag-europe","13":"tag-fr","14":"tag-france","15":"tag-news","16":"tag-occitanie","17":"tag-planete","18":"tag-pollution","19":"tag-republique-francaise","20":"tag-sante","21":"tag-toulouse"},"share_on_mastodon":{"url":"https:\/\/pubeurope.com\/@fr\/114916703989803798","error":""},"_links":{"self":[{"href":"https:\/\/www.europesays.com\/fr\/wp-json\/wp\/v2\/posts\/274013","targetHints":{"allow":["GET"]}}],"collection":[{"href":"https:\/\/www.europesays.com\/fr\/wp-json\/wp\/v2\/posts"}],"about":[{"href":"https:\/\/www.europesays.com\/fr\/wp-json\/wp\/v2\/types\/post"}],"author":[{"embeddable":true,"href":"https:\/\/www.europesays.com\/fr\/wp-json\/wp\/v2\/users\/2"}],"replies":[{"embeddable":true,"href":"https:\/\/www.europesays.com\/fr\/wp-json\/wp\/v2\/comments?post=274013"}],"version-history":[{"count":0,"href":"https:\/\/www.europesays.com\/fr\/wp-json\/wp\/v2\/posts\/274013\/revisions"}],"wp:featuredmedia":[{"embeddable":true,"href":"https:\/\/www.europesays.com\/fr\/wp-json\/wp\/v2\/media\/274014"}],"wp:attachment":[{"href":"https:\/\/www.europesays.com\/fr\/wp-json\/wp\/v2\/media?parent=274013"}],"wp:term":[{"taxonomy":"category","embeddable":true,"href":"https:\/\/www.europesays.com\/fr\/wp-json\/wp\/v2\/categories?post=274013"},{"taxonomy":"post_tag","embeddable":true,"href":"https:\/\/www.europesays.com\/fr\/wp-json\/wp\/v2\/tags?post=274013"}],"curies":[{"name":"wp","href":"https:\/\/api.w.org\/{rel}","templated":true}]}}