{"id":274019,"date":"2025-07-26T00:31:18","date_gmt":"2025-07-26T00:31:18","guid":{"rendered":"https:\/\/www.europesays.com\/fr\/274019\/"},"modified":"2025-07-26T00:31:18","modified_gmt":"2025-07-26T00:31:18","slug":"le-comportement-exemplaire-de-trois-marseillais-pendant-lincendie-recompense-par-une","status":"publish","type":"post","link":"https:\/\/www.europesays.com\/fr\/274019\/","title":{"rendered":"Le comportement \u00ab\u00a0exemplaire\u00a0\u00bb de trois Marseillais pendant l\u2019incendie r\u00e9compens\u00e9 par une"},"content":{"rendered":"<p><strong>\u00ab\u00a0Ce sont eux les vrais h\u00e9ros\u00a0\u00bb<\/strong>, ont assur\u00e9 trois habitants de Marseille\u00a0(<a href=\"https:\/\/marseille.maville.com\/actu\/actudet_-une-voiture-percute-volontairement-un-scooter-dans-les-bouches-du-rhone-un-mort-et-un-blesse-grave-_53546-6913446_actu.Htm\" target=\"_self\" rel=\"noopener\">Bouches-du-Rh\u00f4ne<\/a>) au sujet des pompiers qui ont lutt\u00e9 contre le\u00a0<a href=\"https:\/\/marseille.maville.com\/actu\/actudet_-l-ensemble-des-massifs-du-bouches-du-rhone-sont-fermes-jusqu-au-14-juillet-pour-eviter-tout-incendie-_53546-6897593_actu.Htm\" target=\"_blank\" rel=\"noopener\">violent incendie qui a touch\u00e9 Les Pennes-Mirabeau et le quartier de La Castellane<\/a>, mardi 8\u00a0juillet 2025.<\/p>\n<p>Pourtant, les trois jeunes gens se sont eux aussi distingu\u00e9s par leur comportement courageux ce jour-l\u00e0. Ils ont d\u2019ailleurs \u00e9t\u00e9 d\u00e9cor\u00e9s de la m\u00e9daille de l\u2019Assembl\u00e9e Nationale pour cela, raconte  <a href=\"https:\/\/actu.fr\/provence-alpes-cote-d-azur\/marseille_13055\/incendie-a-marseille-ces-habitants-de-la-castellane-recompenses-on-a-risque-nos-vies_62950806.html\" target=\"_blank\" rel=\"noopener\">Actu Marseille<\/a>  jeudi 24\u00a0juillet 2025.<\/p>\n<p>\u00a0\u00ab\u00a0C\u2019\u00e9tait impressionnant\u00a0\u00bb<\/p>\n<p>La d\u00e9put\u00e9e \u00e9cologiste des Hauts-de-Seine Sabrina Sebaihi a ainsi souhait\u00e9 saluer leur action\u00a0<strong>\u00ab\u00a0exemplaire\u00a0\u00bb<\/strong>. Les Marseillais ont racont\u00e9 cette fameuse journ\u00e9e, expliquant\u00a0<strong>\u00ab\u00a0au d\u00e9but, on n\u2019avait pas compris ce qu\u2019il se passait\u00a0\u00bb<\/strong>. Puis le trio a vu les flammes arriver<strong> \u00ab \u00a0fortement sur les habitations, c\u2019\u00e9tait impressionnant\u00a0\u00bb<\/strong>, a t\u00e9moign\u00e9 l\u2019un d\u2019eux. Les jeunes gens n\u2019ont pas h\u00e9sit\u00e9 \u00e0 utiliser leurs scooters pour se rendre au plus pr\u00e8s de <a href=\"https:\/\/marseille.maville.com\/actu\/actudet_-en-images.-750-hectares-brules-fumees...-les-impressionnantes-photos-de-l-incendie-a-marseille-_53546-6892777_actu.Htm\" target=\"_blank\" rel=\"noopener\">l\u2019incendie<\/a>.<\/p>\n<blockquote class=\"tiktok-embed\" cite=\"https:\/\/www.tiktok.com\/@ulyces.co\/video\/7525049218331954454\" data-video-id=\"7525049218331954454\" style=\"max-width: 605px;min-width: 325px;\" wp_automatic_readability=\"3.7292817679558\"><p><a target=\"_blank\" title=\"@ulyces.co\" href=\"https:\/\/www.tiktok.com\/@ulyces.co?refer=embed\" rel=\"noopener\">@ulyces.co<\/a><\/p>\n<p>Des jeunes du quartier de la Castellane \u00e0 Marseille viennent aider les pompiers \u00e0 lutter contre les incendies. Solidarit\u00e9 Cr\u00e9dit : images amateur <\/p>\n<p><a target=\"_blank\" title=\" son original - Ulyces\" href=\"https:\/\/www.tiktok.com\/music\/son-original-7525049202919131926?refer=embed\" rel=\"noopener\"> son original &#8211; Ulyces<\/a><\/p><\/blockquote>\n<p>Comme l\u2019ont montr\u00e9 des vid\u00e9os circulant sur les r\u00e9seaux sociaux, le trio a tent\u00e9 de limiter la progression du feu avec des seaux d\u2019eau avant d\u2019aider\u00a0des habitants \u00e0 \u00e9vacuer.\u00a0<strong>\u00ab\u00a0Si on sait qu\u2019on peut aider, on est oblig\u00e9s de le faire. Dans ce quartier, on est tous soud\u00e9s\u00a0\u00bb<\/strong>, a assur\u00e9 \u00e0 nos confr\u00e8res l\u2019un des r\u00e9cipiendaires de la m\u00e9daille, qui a confi\u00e9 \u00eatre fier de\u00a0<strong>\u00ab\u00a0cette reconnaissance, m\u00eame si je ne visais pas la m\u00e9daille au moment o\u00f9 je l\u2019ai fait\u00a0\u00bb<\/strong>.<\/p>\n<p>Pour en savoir plus\u00a0: Lire l\u2019article d\u2019 <a href=\"https:\/\/actu.fr\/provence-alpes-cote-d-azur\/marseille_13055\/incendie-a-marseille-ces-habitants-de-la-castellane-recompenses-on-a-risque-nos-vies_62950806.html\" target=\"_blank\" rel=\"noopener\">Actu Marseille<\/a> <\/p>\n<p>\u00a0<\/p>\n<p>\t\t<script async src=\"\/\/www.tiktok.com\/embed.js\"><\/script><\/p>\n","protected":false},"excerpt":{"rendered":"\u00ab\u00a0Ce sont eux les vrais h\u00e9ros\u00a0\u00bb, ont assur\u00e9 trois habitants de Marseille\u00a0(Bouches-du-Rh\u00f4ne) au sujet des pompiers qui ont&hellip;\n","protected":false},"author":2,"featured_media":274020,"comment_status":"","ping_status":"","sticky":false,"template":"","format":"standard","meta":{"footnotes":""},"categories":[2814],"tags":[1111,11,18616,9657,1777,674,31812,1011,27,1310,761,884,38555,12,882,5593,25],"class_list":{"0":"post-274019","1":"post","2":"type-post","3":"status-publish","4":"format-standard","5":"has-post-thumbnail","7":"category-marseille","8":"tag-actu","9":"tag-actualites","10":"tag-comportement","11":"tag-draguignan","12":"tag-eu","13":"tag-europe","14":"tag-exemplaire","15":"tag-fr","16":"tag-france","17":"tag-incendie","18":"tag-marseillais","19":"tag-marseille","20":"tag-medaille","21":"tag-news","22":"tag-provence-alpes-cote-dazur","23":"tag-recompense","24":"tag-republique-francaise"},"share_on_mastodon":{"url":"https:\/\/pubeurope.com\/@fr\/114916719670820817","error":""},"_links":{"self":[{"href":"https:\/\/www.europesays.com\/fr\/wp-json\/wp\/v2\/posts\/274019","targetHints":{"allow":["GET"]}}],"collection":[{"href":"https:\/\/www.europesays.com\/fr\/wp-json\/wp\/v2\/posts"}],"about":[{"href":"https:\/\/www.europesays.com\/fr\/wp-json\/wp\/v2\/types\/post"}],"author":[{"embeddable":true,"href":"https:\/\/www.europesays.com\/fr\/wp-json\/wp\/v2\/users\/2"}],"replies":[{"embeddable":true,"href":"https:\/\/www.europesays.com\/fr\/wp-json\/wp\/v2\/comments?post=274019"}],"version-history":[{"count":0,"href":"https:\/\/www.europesays.com\/fr\/wp-json\/wp\/v2\/posts\/274019\/revisions"}],"wp:featuredmedia":[{"embeddable":true,"href":"https:\/\/www.europesays.com\/fr\/wp-json\/wp\/v2\/media\/274020"}],"wp:attachment":[{"href":"https:\/\/www.europesays.com\/fr\/wp-json\/wp\/v2\/media?parent=274019"}],"wp:term":[{"taxonomy":"category","embeddable":true,"href":"https:\/\/www.europesays.com\/fr\/wp-json\/wp\/v2\/categories?post=274019"},{"taxonomy":"post_tag","embeddable":true,"href":"https:\/\/www.europesays.com\/fr\/wp-json\/wp\/v2\/tags?post=274019"}],"curies":[{"name":"wp","href":"https:\/\/api.w.org\/{rel}","templated":true}]}}