{"id":274021,"date":"2025-07-26T00:32:22","date_gmt":"2025-07-26T00:32:22","guid":{"rendered":"https:\/\/www.europesays.com\/fr\/274021\/"},"modified":"2025-07-26T00:32:22","modified_gmt":"2025-07-26T00:32:22","slug":"elle-ma-donne-envie-detre-comme-elle","status":"publish","type":"post","link":"https:\/\/www.europesays.com\/fr\/274021\/","title":{"rendered":"Elle m&rsquo;a donn\u00e9 envie d&rsquo;\u00eatre comme elle"},"content":{"rendered":"<p>Ceux qui ont eu la chance de la voir sur sc\u00e8ne s&rsquo;en souviennent encore. Le 12 juillet 2025, <strong><a href=\"https:\/\/www.jazzradio.fr\/news\/culture-et-societe\/41520\/dee-dee-bridgewater-l-esprit-libre-du-jazz-celebre-ses-75-ans\" target=\"_blank\" rel=\"noopener\">Dee Dee Bridgewater<\/a> venait enflammer la sc\u00e8ne de Marseille Jazz des Cinq Continents<\/strong> afin de pr\u00e9senter son quarter 100% f\u00e9minin, \u00ab\u00a0<strong>We Exist!<\/strong>\u00ab\u00a0. L&rsquo;occasion pour elle de prouver une nouvelle fois que <strong>Dee Dee Bridgewater n&rsquo;est pas qu&rsquo;une brillante chanteuse de jazz<\/strong> : c&rsquo;est aussi une femme engag\u00e9e, qui revendique fi\u00e8rement et fermement sa libert\u00e9. D&rsquo;ailleurs, elle est la premi\u00e8re \u00e0 le dire : c&rsquo;est en Europe qu&rsquo;elle en a pris le chemin. Notamment en France, et <a href=\"https:\/\/www.jazzradio.fr\/news\/soiree\/41324\/pour-ses-25-ans-le-festival-marseille-jazz-des-5-continents-s-offre-un-casting-5-etoiles\" target=\"_blank\" rel=\"noopener\">plus particuli\u00e8rement \u00e0 <strong>Marseille,<\/strong>\u00a0ville tr\u00e8s ch\u00e8re \u00e0 son c\u0153ur<\/a>.\u00a0<\/p>\n<blockquote><p>&#13;<\/p>\n<p>\u00ab\u00a0Cette ville a beaucoup d\u2019\u00e2me, et je le sens tr\u00e8s fortement\u00a0\u00bb &#8211; Dee Dee Bridgewater<\/p>\n<p>&#13;\n<\/p><\/blockquote>\n<p>Ce n\u2019est pas la premi\u00e8re fois qu\u2019elle se produit sur une sc\u00e8ne marseillaise, mais comme \u00e0 chaque fois, cela reste magique. \u00c0 chaque passage, c&rsquo;est <strong>une vibration particuli\u00e8re<\/strong>, une r\u00e9sonance intime qu&rsquo;elle ressent.\u00a0<\/p>\n<blockquote><p>&#13;<\/p>\n<p>\u00ab\u00a0C\u2019est une ville qui m\u2019a toujours touch\u00e9e.\u00a0\u00bb &#8211; Dee Dee Bridgewater<\/p>\n<p>&#13;\n<\/p><\/blockquote>\n<p data-start=\"678\" data-end=\"1324\">Car<strong> Dee Dee Bridgewater a fait un choix de c\u0153ur et de vie : celui de la France<\/strong>. Elle y a v\u00e9cu vingt-quatre ans, y a trouv\u00e9 une terre d\u2019expression, de reconnaissance, de transformation.<\/p>\n<blockquote><p>&#13;<\/p>\n<p data-start=\"678\" data-end=\"1324\">\u00ab\u00a0En France, j\u2019ai toujours pu tout faire, tout ce que j\u2019avais envie de faire. Il n\u2019y avait jamais quelqu\u2019un pour me dire non\u00a0\u00bb &#8211; Dee Dee Bridgewater<\/p>\n<p>&#13;\n<\/p><\/blockquote>\n<p data-start=\"678\" data-end=\"1324\"><strong>Une libert\u00e9 rare, surtout lorsqu\u2019on est une femme noire, am\u00e9ricaine<\/strong>, et que l&rsquo;on souhaite sortir des cases toutes faites, m\u00eame dans le jazz. Une libert\u00e9 qu\u2019elle oppose \u00e0 celle, plus fragile, de son pays d\u2019origine, les Etats-Unis :<\/p>\n<blockquote><p>&#13;<\/p>\n<p data-start=\"678\" data-end=\"1324\">\u00ab\u00a0Aujourd\u2019hui, c\u2019est tr\u00e8s dangereux pour moi, en tant que femme noire am\u00e9ricaine, de parler directement des choses.\u00a0\u00bb &#8211; Dee Dee Bridgewater\u00a0<\/p>\n<p>&#13;\n<\/p><\/blockquote>\n<p data-start=\"1326\" data-end=\"1805\">Alors,<strong> elle choisit la musique pour s\u2019exprimer<\/strong>. Sur sc\u00e8ne, elle incarne cette voix qui dit l\u2019indicible, qui porte les combats sans discours mais avec puissance. C&rsquo;est pour cette raison qu&rsquo;elle a d\u00e9cid\u00e9 de s&rsquo;accompagner de trois femmes dans son quartet, avec <strong>Carmen Staaf <\/strong>au piano,<strong> Rosa Brunello <\/strong>\u00e0 la basse, et <strong>Shirazette Tinnin<\/strong> \u00e0 la batterie. Un message fort, qu&rsquo;elle revendique fi\u00e8rement.\u00a0<\/p>\n<blockquote><p>&#13;<\/p>\n<p data-start=\"1326\" data-end=\"1805\">\u00ab\u00a0Dans le jazz, c\u2019est un monde de patriarcat. Il est temps. [&#8230;] Si moi, avec toute ma carri\u00e8re, je me pr\u00e9sente avec des femmes, je pense que \u00e7a a beaucoup plus de pouvoir.\u00a0\u00bb &#8211; Dee Bridgewater<\/p>\n<p>&#13;\n<\/p><\/blockquote>\n<p data-start=\"1326\" data-end=\"1805\">Un pouvoir, qu&rsquo;elle met au service d\u2019un h\u00e9ritage : celui qu&rsquo;elle a re\u00e7u de ses idoles, comme <a href=\"https:\/\/www.jazzradio.fr\/news\/culture-et-societe\/41281\/nina-simone-renait-de-ses-cendres-dans-le-tres-joli-clip-anime-de-don-t-let-me-be-misunderstood\" target=\"_blank\" rel=\"noopener\"><strong>Nina Simone<\/strong><\/a>,<strong> Abbey Lincoln<\/strong> ou <strong>Roberta Flack.<\/strong> Des figures tut\u00e9laires, des pionni\u00e8res, qui l&rsquo;ont toujours inspir\u00e9e.<\/p>\n<p data-start=\"1326\" data-end=\"1805\">\u00ab\u00a0Elles n\u2019avaient pas peur de s\u2019exprimer, d\u2019\u00eatre critiqu\u00e9es. Elles restaient fid\u00e8les \u00e0 ce qu\u2019elles croyaient.\u00a0\u00bb &#8211; Dee Dee Bridgewater<\/p>\n<p data-start=\"1326\" data-end=\"1805\">\u00c9mue, Dee Dee Bridgewater se souvient de ce qu&rsquo;elle a pu ressentir<strong> en d\u00e9couvrant <a href=\"https:\/\/www.jazzradio.fr\/news\/musique\/41263\/nina-simone-a-t-elle-choisi-le-jazz-comme-arme-contre-le-racisme\" target=\"_blank\" rel=\"noopener\">Nina Simone<\/a> pour la premi\u00e8re fois \u00e0 la t\u00e9l\u00e9vision, pieds nus, drap\u00e9e de tissu africain, reine noire et puissante<\/strong>.\u00a0<\/p>\n<blockquote><p>&#13;<\/p>\n<p data-start=\"1326\" data-end=\"1805\">\u00ab\u00a0Je me suis dit : moi, je veux \u00eatre comme elle.\u00a0\u00bb &#8211; Dee Dee Bridgewater<\/p>\n<p>&#13;\n<\/p><\/blockquote>\n<p data-start=\"2236\" data-end=\"2542\">Aujourd\u2019hui, \u00e0 son tour, elle transmet. Elle chante, elle raconte, elle partage avec les plus jeunes. Dans sa voix, il y a le combat, l\u2019amour, la tendresse, l\u2019histoire. Et <strong>cette certitude : que la musique, quand elle est sinc\u00e8re, peut encore changer le monde<\/strong>.<\/p><\/p>\n","protected":false},"excerpt":{"rendered":"Ceux qui ont eu la chance de la voir sur sc\u00e8ne s&rsquo;en souviennent encore. Le 12 juillet 2025,&hellip;\n","protected":false},"author":2,"featured_media":274022,"comment_status":"","ping_status":"","sticky":false,"template":"","format":"standard","meta":{"footnotes":""},"categories":[2814],"tags":[1111,11,19272,19271,8784,3526,903,11500,1777,674,1011,27,3620,19274,6910,19269,330,19278,19277,19275,884,1361,873,19276,12,19273,3551,882,1825,19270,25,1858,15457,3610,11714,3655],"class_list":{"0":"post-274021","1":"post","2":"type-post","3":"status-publish","4":"format-standard","5":"has-post-thumbnail","7":"category-marseille","8":"tag-actu","9":"tag-actualites","10":"tag-black-music","11":"tag-blues","12":"tag-classic","13":"tag-classique","14":"tag-concours","15":"tag-electro","16":"tag-eu","17":"tag-europe","18":"tag-fr","19":"tag-france","20":"tag-funk","21":"tag-gospel","22":"tag-jazz","23":"tag-jazz-radio","24":"tag-jeux","25":"tag-latin","26":"tag-lounge","27":"tag-manouche","28":"tag-marseille","29":"tag-music","30":"tag-musique","31":"tag-new-orleans","32":"tag-news","33":"tag-prog","34":"tag-programmation","35":"tag-provence-alpes-cote-dazur","36":"tag-radio","37":"tag-radio-jazz","38":"tag-republique-francaise","39":"tag-services","40":"tag-sexy","41":"tag-soul","42":"tag-swing","43":"tag-webradio"},"share_on_mastodon":{"url":"https:\/\/pubeurope.com\/@fr\/114916723511598530","error":""},"_links":{"self":[{"href":"https:\/\/www.europesays.com\/fr\/wp-json\/wp\/v2\/posts\/274021","targetHints":{"allow":["GET"]}}],"collection":[{"href":"https:\/\/www.europesays.com\/fr\/wp-json\/wp\/v2\/posts"}],"about":[{"href":"https:\/\/www.europesays.com\/fr\/wp-json\/wp\/v2\/types\/post"}],"author":[{"embeddable":true,"href":"https:\/\/www.europesays.com\/fr\/wp-json\/wp\/v2\/users\/2"}],"replies":[{"embeddable":true,"href":"https:\/\/www.europesays.com\/fr\/wp-json\/wp\/v2\/comments?post=274021"}],"version-history":[{"count":0,"href":"https:\/\/www.europesays.com\/fr\/wp-json\/wp\/v2\/posts\/274021\/revisions"}],"wp:featuredmedia":[{"embeddable":true,"href":"https:\/\/www.europesays.com\/fr\/wp-json\/wp\/v2\/media\/274022"}],"wp:attachment":[{"href":"https:\/\/www.europesays.com\/fr\/wp-json\/wp\/v2\/media?parent=274021"}],"wp:term":[{"taxonomy":"category","embeddable":true,"href":"https:\/\/www.europesays.com\/fr\/wp-json\/wp\/v2\/categories?post=274021"},{"taxonomy":"post_tag","embeddable":true,"href":"https:\/\/www.europesays.com\/fr\/wp-json\/wp\/v2\/tags?post=274021"}],"curies":[{"name":"wp","href":"https:\/\/api.w.org\/{rel}","templated":true}]}}