{"id":274023,"date":"2025-07-26T00:33:14","date_gmt":"2025-07-26T00:33:14","guid":{"rendered":"https:\/\/www.europesays.com\/fr\/274023\/"},"modified":"2025-07-26T00:33:14","modified_gmt":"2025-07-26T00:33:14","slug":"la-ville-de-lyon-met-a-labri-12-familles-dans-des-ecoles-durant-lete","status":"publish","type":"post","link":"https:\/\/www.europesays.com\/fr\/274023\/","title":{"rendered":"La Ville de Lyon met \u00e0 l\u2019abri 12 familles dans des \u00e9coles durant l\u2019\u00e9t\u00e9"},"content":{"rendered":"<p itemprop=\"description\"><strong>Face au manque de solutions d\u2019h\u00e9bergement, la Ville de Lyon a lanc\u00e9 pour la premi\u00e8re fois le dispositif \u00ab\u00a0\u00c9coles \u00c9t\u00e9 2025\u00a0\u00bb afin d\u2019h\u00e9berger des familles sans-abri dans six \u00e9tablissements scolaires.<\/strong><\/p>\n<p>Depuis le 7 juillet et jusqu\u2019au 26 ao\u00fbt,\u00a012 familles, soit 16 adultes et 31 enfants, sont accueillies dans des \u00e9coles lyonnaises mises \u00e0 disposition par la municipalit\u00e9.\u00a0\u00ab\u00a0Cet \u00e9t\u00e9 et pour la premi\u00e8re fois, la municipalit\u00e9 a d\u00e9cid\u00e9 de mettre en \u0153uvre le dispositif &lsquo;\u00c9coles \u00c9t\u00e9 2025&prime;\u00a0\u00bb, pr\u00e9cise la Ville.<\/p>\n<p>Cette mise \u00e0 l\u2019abri s\u2019adresse \u00e0 des familles dont les enfants sont scolaris\u00e9s \u00e0 Lyon. Pour garantir leur tranquillit\u00e9,\u00a0les noms des \u00e9tablissements ne sont pas rendus publics. Des m\u00e9diateurs sociaux du Centre Communal d\u2019Action Sociale (CCAS) assurent un suivi avec les familles sur place.<\/p>\n<p>En parall\u00e8le de cette action municipale,\u00a014 autres familles, soit 49 personnes dont 30 enfants, sont \u00e9galement prises en charge par des collectifs citoyens comme\u00a0Jamais sans toit\u00a0et par des associations partenaires.<\/p>\n<p>La Ville de Lyon rappelle qu\u2019elle agit \u00ab\u00a0au-del\u00e0 de son champ de comp\u00e9tence,\u00a0\u00bb d\u00e9non\u00e7ant les \u00ab\u00a0carences persistantes de l\u2019\u00c9tat.\u00a0\u00bb Depuis 2020, pr\u00e8s de 800 places d\u2019h\u00e9bergement d\u2019urgence ont \u00e9t\u00e9 ouvertes \u00e0 Lyon, gr\u00e2ce \u00e0 des nuit\u00e9es d\u2019h\u00f4tel, l\u2019utilisation d\u2019anciens b\u00e2timents publics, ou encore l\u2019ouverture de gymnases.<\/p>\n<p>La municipalit\u00e9 rappelle une nouvelle fois que le budget allou\u00e9 \u00e0 cette politique a \u00e9t\u00e9\u00a0multipli\u00e9 par 67 depuis 2021, atteignant\u00a02,5 millions d\u2019euros en 2024, contre 35 000 euros en 2021.<\/p>\n<p>En cons\u00e9quence, la mairie indique engager\u00a0un nouveau recours indemnitaire contre l\u2019\u00c9tat\u00a0pour demander compensation des d\u00e9penses engag\u00e9es pour l\u2019accueil des familles et des mineurs en recours. Il s\u2019agit du\u00a0deuxi\u00e8me recours : un pr\u00e9c\u00e9dent dossier avait d\u00e9j\u00e0 \u00e9t\u00e9 d\u00e9pos\u00e9 en f\u00e9vrier 2024, pour un total de\u00a0272 000 euros r\u00e9clam\u00e9s\u00a0par la Ville et le CCAS.<\/p>\n","protected":false},"excerpt":{"rendered":"Face au manque de solutions d\u2019h\u00e9bergement, la Ville de Lyon a lanc\u00e9 pour la premi\u00e8re fois le dispositif&hellip;\n","protected":false},"author":2,"featured_media":274024,"comment_status":"","ping_status":"","sticky":false,"template":"","format":"standard","meta":{"footnotes":""},"categories":[1889],"tags":[1111,11,2813,2190,2430,1109,251,1112,2811,1777,674,118,1011,27,1922,1110,1114,2428,2810,12,241,316,25,2812,517,800],"class_list":{"0":"post-274023","1":"post","2":"type-post","3":"status-publish","4":"format-standard","5":"has-post-thumbnail","7":"category-lyon","8":"tag-actu","9":"tag-actualites","10":"tag-article","11":"tag-asvel","12":"tag-auvergne-rhone-alpes","13":"tag-breves","14":"tag-culture","15":"tag-depeches","16":"tag-economique","17":"tag-eu","18":"tag-europe","19":"tag-faits-divers","20":"tag-fr","21":"tag-france","22":"tag-info","23":"tag-informations","24":"tag-infos","25":"tag-lyon","26":"tag-lyonmag","27":"tag-news","28":"tag-ol","29":"tag-politique","30":"tag-republique-francaise","31":"tag-sociale","32":"tag-sport","33":"tag-transports"},"share_on_mastodon":{"url":"https:\/\/pubeurope.com\/@fr\/114916727302396056","error":""},"_links":{"self":[{"href":"https:\/\/www.europesays.com\/fr\/wp-json\/wp\/v2\/posts\/274023","targetHints":{"allow":["GET"]}}],"collection":[{"href":"https:\/\/www.europesays.com\/fr\/wp-json\/wp\/v2\/posts"}],"about":[{"href":"https:\/\/www.europesays.com\/fr\/wp-json\/wp\/v2\/types\/post"}],"author":[{"embeddable":true,"href":"https:\/\/www.europesays.com\/fr\/wp-json\/wp\/v2\/users\/2"}],"replies":[{"embeddable":true,"href":"https:\/\/www.europesays.com\/fr\/wp-json\/wp\/v2\/comments?post=274023"}],"version-history":[{"count":0,"href":"https:\/\/www.europesays.com\/fr\/wp-json\/wp\/v2\/posts\/274023\/revisions"}],"wp:featuredmedia":[{"embeddable":true,"href":"https:\/\/www.europesays.com\/fr\/wp-json\/wp\/v2\/media\/274024"}],"wp:attachment":[{"href":"https:\/\/www.europesays.com\/fr\/wp-json\/wp\/v2\/media?parent=274023"}],"wp:term":[{"taxonomy":"category","embeddable":true,"href":"https:\/\/www.europesays.com\/fr\/wp-json\/wp\/v2\/categories?post=274023"},{"taxonomy":"post_tag","embeddable":true,"href":"https:\/\/www.europesays.com\/fr\/wp-json\/wp\/v2\/tags?post=274023"}],"curies":[{"name":"wp","href":"https:\/\/api.w.org\/{rel}","templated":true}]}}