{"id":274025,"date":"2025-07-26T00:34:17","date_gmt":"2025-07-26T00:34:17","guid":{"rendered":"https:\/\/www.europesays.com\/fr\/274025\/"},"modified":"2025-07-26T00:34:17","modified_gmt":"2025-07-26T00:34:17","slug":"la-foudre-tombe-sur-une-installation-electrique-plusieurs-tgv-en-direction-de-la-gare-de-lyon-accusent-un-lourd-retard","status":"publish","type":"post","link":"https:\/\/www.europesays.com\/fr\/274025\/","title":{"rendered":"La foudre tombe sur une installation \u00e9lectrique, plusieurs TGV en direction de la Gare de Lyon accusent un lourd retard"},"content":{"rendered":"<p>La foudre est tomb\u00e9e dans l&rsquo;apr\u00e8s-midi sur une installation \u00e9lectrique dans l&rsquo;Ain, entre Lyon et M\u00e2con, a indiqu\u00e9 la SNCF.<\/p>\n<p>Les TGV ont d\u00fb emprunter la voie classique, divisant leur vitesse par deux et provoquant un embouteillage. L&rsquo;incident a \u00e9t\u00e9 r\u00e9solu en fin de journ\u00e9e.<\/p>\n<p>Vers 22 heures, les trains accusaient 45 minutes de retard en moyenne en Gare de Lyon, selon la SNCF.<\/p>\n<p>Le TGV de Montpellier pr\u00e9vu \u00e0 18H47 affichait 3H30 de retard, et celui de Lyon pr\u00e9vu \u00e0 19H 4H20 de retard, selon le tableau des arriv\u00e9es consultable en ligne.<\/p>\n<p>Des trains \u00e0 destination de Lyon, Annecy ou Grenoble, affichaient 4H30 de retard, selon le tableau des d\u00e9parts.<\/p>\n","protected":false},"excerpt":{"rendered":"La foudre est tomb\u00e9e dans l&rsquo;apr\u00e8s-midi sur une installation \u00e9lectrique dans l&rsquo;Ain, entre Lyon et M\u00e2con, a indiqu\u00e9&hellip;\n","protected":false},"author":2,"featured_media":274026,"comment_status":"","ping_status":"","sticky":false,"template":"","format":"standard","meta":{"footnotes":""},"categories":[1889],"tags":[1111,11,2430,1777,674,1011,27,2428,12,25,800],"class_list":{"0":"post-274025","1":"post","2":"type-post","3":"status-publish","4":"format-standard","5":"has-post-thumbnail","7":"category-lyon","8":"tag-actu","9":"tag-actualites","10":"tag-auvergne-rhone-alpes","11":"tag-eu","12":"tag-europe","13":"tag-fr","14":"tag-france","15":"tag-lyon","16":"tag-news","17":"tag-republique-francaise","18":"tag-transports"},"share_on_mastodon":{"url":"https:\/\/pubeurope.com\/@fr\/114916731272540128","error":""},"_links":{"self":[{"href":"https:\/\/www.europesays.com\/fr\/wp-json\/wp\/v2\/posts\/274025","targetHints":{"allow":["GET"]}}],"collection":[{"href":"https:\/\/www.europesays.com\/fr\/wp-json\/wp\/v2\/posts"}],"about":[{"href":"https:\/\/www.europesays.com\/fr\/wp-json\/wp\/v2\/types\/post"}],"author":[{"embeddable":true,"href":"https:\/\/www.europesays.com\/fr\/wp-json\/wp\/v2\/users\/2"}],"replies":[{"embeddable":true,"href":"https:\/\/www.europesays.com\/fr\/wp-json\/wp\/v2\/comments?post=274025"}],"version-history":[{"count":0,"href":"https:\/\/www.europesays.com\/fr\/wp-json\/wp\/v2\/posts\/274025\/revisions"}],"wp:featuredmedia":[{"embeddable":true,"href":"https:\/\/www.europesays.com\/fr\/wp-json\/wp\/v2\/media\/274026"}],"wp:attachment":[{"href":"https:\/\/www.europesays.com\/fr\/wp-json\/wp\/v2\/media?parent=274025"}],"wp:term":[{"taxonomy":"category","embeddable":true,"href":"https:\/\/www.europesays.com\/fr\/wp-json\/wp\/v2\/categories?post=274025"},{"taxonomy":"post_tag","embeddable":true,"href":"https:\/\/www.europesays.com\/fr\/wp-json\/wp\/v2\/tags?post=274025"}],"curies":[{"name":"wp","href":"https:\/\/api.w.org\/{rel}","templated":true}]}}