{"id":274029,"date":"2025-07-26T00:38:19","date_gmt":"2025-07-26T00:38:19","guid":{"rendered":"https:\/\/www.europesays.com\/fr\/274029\/"},"modified":"2025-07-26T00:38:19","modified_gmt":"2025-07-26T00:38:19","slug":"ses-souvenirs-de-paris-2024-les-jo-de-los-angeles-son-avenir-les-confidences-de-tony-estanguet-au-figaro","status":"publish","type":"post","link":"https:\/\/www.europesays.com\/fr\/274029\/","title":{"rendered":"Ses souvenirs de Paris 2024, les JO de Los Angeles, son avenir\u2026 Les confidences de Tony Estanguet au Figaro"},"content":{"rendered":"<p><strong>ENTRETIEN<\/strong> &#8211; Inoubliable chef d\u2019orchestre, le pr\u00e9sident du Comit\u00e9 d\u2019organisation des Jeux de Paris 2024 revisite avec \u00e9motion un fol \u00e9t\u00e9 et ses cons\u00e9quences.<\/p>\n<p class=\"fig-paragraph\">En compagnie de\u00a0<a href=\"http:\/\/www.lefigaro.fr\/sports\/jeux-olympiques\/kirsty-coventry-ouvre-une-ere-nouvelle-pour-le-comite-international-olympique-20250622\" data-fig-type=\"NewsFlash\" data-gtm-custom-categorie=\"navigation\" data-gtm-custom-action=\"crossclick\" data-gtm-custom-label=\"Contextuel\" data-gtm-event=\"customEventSPE\" data-fig-domain=\"LEFIGARO\" target=\"_blank\" rel=\"noopener\">Kirsty Coventry<\/a>\u00a0et de\u00a0<a href=\"http:\/\/www.lefigaro.fr\/sports\/jeux-olympiques\/apres-12-annees-passees-a-la-tete-du-cio-thomas-bach-tourne-la-page-20250621\" data-fig-type=\"NewsFlash\" data-gtm-custom-categorie=\"navigation\" data-gtm-custom-action=\"crossclick\" data-gtm-custom-label=\"Contextuel\" data-gtm-event=\"customEventSPE\" data-fig-domain=\"LEFIGARO\" target=\"_blank\" rel=\"noopener\">Thomas Bach<\/a>\u00a0&#8211; la nouvelle pr\u00e9sidente du Comit\u00e9 international olympique et son pr\u00e9d\u00e9cesseur\u00a0-, ainsi que des acteurs majeurs du mouvement olympique et sportif fran\u00e7ais,\u00a0<a href=\"http:\/\/www.lefigaro.fr\/sports\/jeux-olympiques\/tony-estanguet-aureole-par-les-jo-de-paris-revient-au-cio-20250320\" data-fig-type=\"NewsFlash\" data-gtm-custom-categorie=\"navigation\" data-gtm-custom-action=\"crossclick\" data-gtm-custom-label=\"Contextuel\" data-gtm-event=\"customEventSPE\" data-fig-domain=\"LEFIGARO\" target=\"_blank\" rel=\"noopener\">Tony Estanguet<\/a>\u00a0fera ce samedi une parenth\u00e8se dans un \u00e9t\u00e9 en famille pour un retour \u00e0 Paris. Avant\u00a0<a href=\"http:\/\/www.lefigaro.fr\/sports\/jeux-olympiques\/jo-paris-2024-un-an-apres-la-ceremonie-d-ouverture-decouvrez-le-programme-des-festivites-20250724\" data-fig-type=\"NewsFlash\" data-gtm-custom-categorie=\"navigation\" data-gtm-custom-action=\"crossclick\" data-gtm-custom-label=\"Contextuel\" data-gtm-event=\"customEventSPE\" data-fig-domain=\"LEFIGARO\" target=\"_blank\" rel=\"noopener\">cette journ\u00e9e anniversaire<\/a>, le pr\u00e9sident des Jeux de Paris 2024 a partag\u00e9 ses souvenirs (\u00ab\u00a0C\u2019\u00e9tait il y a un an. C\u2019est pass\u00e9 si vite cette ann\u00e9e, c\u2019est terrible\u2026\u00a0\u00bb) et \u00e9voqu\u00e9 son avenir.<\/p>\n<p class=\"fig-paragraph\"><strong>LE FIGARO. &#8211; Fermez les yeux un instant et replongez-vous au 26\u00a0juillet 2024, le matin de la c\u00e9r\u00e9monie d\u2019ouverture des JO. Vous souvenez-vous de votre \u00e9tat d\u2019esprit \u00e0 l\u2019heure du grand saut\u00a0?<\/strong><\/p>\n<p class=\"fig-paragraph\"><strong>Tony ESTANGUET<\/strong>. &#8211; \u00c7a allait beaucoup mieux apr\u00e8s la c\u00e9r\u00e9monie\u2026 Le matin, c\u2019\u00e9tait difficile. On a accumul\u00e9 pas mal de mauvaises nouvelles. Rien n\u2019allait entre\u00a0<a href=\"http:\/\/www.lefigaro.fr\/actualite-france\/sabotages-sncf-sur-la-piste-de-l-ultragauche-les-enqueteurs-maintiennent-la-pression-20240909\" data-fig-type=\"Article\" data-gtm-custom-categorie=\"navigation\" data-gtm-custom-action=\"crossclick\" data-gtm-custom-label=\"Contextuel\" data-gtm-event=\"customEventSPE\" data-fig-domain=\"LEFIGARO\" target=\"_blank\" rel=\"noopener\">les sabotages des lignes de la SNCF<\/a>\u00a0(cinq \u00ab\u00a0actes de malveillance\u00a0\u00bb ont \u00e9t\u00e9 commis sur quatre lignes du territoire), des grosses pannes pour nous sur\u2026<\/p>\n<p class=\"fig-premium-paywall__infos\">\n        Cet article est r\u00e9serv\u00e9 aux abonn\u00e9s.        Il vous reste 93% \u00e0 d\u00e9couvrir.\n    <\/p>\n<p>                <img  data- alt=\"Le Figaro\" class=\"fig-img--complete fig-img\"\/><\/p>\n<p class=\"fig-premium-paywall__title\">Vous avez envie de lire la suite ?<\/p>\n<p class=\"fig-premium-paywall__subtitle\">D\u00e9bloquez tous les articles imm\u00e9diatement.<\/p>\n<p class=\"fig-premium-paywall__connect\">\n                D\u00e9j\u00e0 abonn\u00e9\u00a0?                <a class=\"fig-premium-paywall__connect-link\" href=\"https:\/\/connect.lefigaro.fr\/login?client=horizon_web&amp;type=main&amp;redirect_uri=https%3A%2F%2Fwww.lefigaro.fr%2Fsports%2Fjeux-olympiques%2Fses-souvenirs-de-paris-2024-les-jo-de-los-angeles-son-avenir-les-confidences-de-tony-estanguet-au-figaro-20250725\" data-js-gtm=\"{&quot;customCategorie&quot;: &quot;conversion&quot;, &quot;customAction&quot;: &quot;before_Landing_Connexion_paywall_auto&quot;, &quot;customLabel&quot;: &quot;bGVmaWdhcm8uZnJfXzFmMDY4NmMzLTg1YjAtNjNjMC1iZjI2LTY1YTZjNDRkMDkyN19fTmV3c0ZsYXNo_Ses souvenirs de Paris 2024, les JO de Los Angeles, son avenir\u2026 Les confidences de Tony Estanguet au &lt;i&gt;Figaro&lt;\/i&gt;_310&quot;, &quot;customIDSPE&quot;: &quot;bGVmaWdhcm8uZnJfXzFmMDY4NmMzLTg1YjAtNjNjMC1iZjI2LTY1YTZjNDRkMDkyN19fTmV3c0ZsYXNo&quot;, &quot;event&quot;: &quot;customEventSPE&quot;}\" target=\"_blank\" rel=\"noopener\"><br \/>\n                    Connectez-vous<br \/>\n                <\/a>\n            <\/p>\n","protected":false},"excerpt":{"rendered":"ENTRETIEN &#8211; Inoubliable chef d\u2019orchestre, le pr\u00e9sident du Comit\u00e9 d\u2019organisation des Jeux de Paris 2024 revisite avec \u00e9motion&hellip;\n","protected":false},"author":2,"featured_media":274030,"comment_status":"","ping_status":"","sticky":false,"template":"","format":"standard","meta":{"footnotes":""},"categories":[1888],"tags":[1111,1928,11,1927,1777,674,1011,27,3996,12,1926,626,1925,5856,25],"class_list":{"0":"post-274029","1":"post","2":"type-post","3":"status-publish","4":"format-standard","5":"has-post-thumbnail","7":"category-paris","8":"tag-actu","9":"tag-actu-paris","10":"tag-actualites","11":"tag-actualites-paris","12":"tag-eu","13":"tag-europe","14":"tag-fr","15":"tag-france","16":"tag-jeux-olympiques","17":"tag-news","18":"tag-news-paris","19":"tag-paris","20":"tag-paris-news","21":"tag-paris-2024","22":"tag-republique-francaise"},"share_on_mastodon":{"url":"https:\/\/pubeurope.com\/@fr\/114916747165308044","error":""},"_links":{"self":[{"href":"https:\/\/www.europesays.com\/fr\/wp-json\/wp\/v2\/posts\/274029","targetHints":{"allow":["GET"]}}],"collection":[{"href":"https:\/\/www.europesays.com\/fr\/wp-json\/wp\/v2\/posts"}],"about":[{"href":"https:\/\/www.europesays.com\/fr\/wp-json\/wp\/v2\/types\/post"}],"author":[{"embeddable":true,"href":"https:\/\/www.europesays.com\/fr\/wp-json\/wp\/v2\/users\/2"}],"replies":[{"embeddable":true,"href":"https:\/\/www.europesays.com\/fr\/wp-json\/wp\/v2\/comments?post=274029"}],"version-history":[{"count":0,"href":"https:\/\/www.europesays.com\/fr\/wp-json\/wp\/v2\/posts\/274029\/revisions"}],"wp:featuredmedia":[{"embeddable":true,"href":"https:\/\/www.europesays.com\/fr\/wp-json\/wp\/v2\/media\/274030"}],"wp:attachment":[{"href":"https:\/\/www.europesays.com\/fr\/wp-json\/wp\/v2\/media?parent=274029"}],"wp:term":[{"taxonomy":"category","embeddable":true,"href":"https:\/\/www.europesays.com\/fr\/wp-json\/wp\/v2\/categories?post=274029"},{"taxonomy":"post_tag","embeddable":true,"href":"https:\/\/www.europesays.com\/fr\/wp-json\/wp\/v2\/tags?post=274029"}],"curies":[{"name":"wp","href":"https:\/\/api.w.org\/{rel}","templated":true}]}}