{"id":274035,"date":"2025-07-26T00:41:13","date_gmt":"2025-07-26T00:41:13","guid":{"rendered":"https:\/\/www.europesays.com\/fr\/274035\/"},"modified":"2025-07-26T00:41:13","modified_gmt":"2025-07-26T00:41:13","slug":"explosion-de-gaz-en-russie-au-moins-6-morts-et-4-disparus","status":"publish","type":"post","link":"https:\/\/www.europesays.com\/fr\/274035\/","title":{"rendered":"Explosion de gaz en Russie : au moins 6 morts et 4 disparus"},"content":{"rendered":"<p>Une explosion de gaz dans un immeuble r\u00e9sidentiel dans la ville de Saratov (ouest), en Russie, a fait vendredi 25\u00a0juillet au moins 6\u00a0morts, 16\u00a0bless\u00e9s, et 4\u00a0personnes sont port\u00e9es disparues, ont indiqu\u00e9 les autorit\u00e9s russes.<\/p>\n<p><strong>\u00ab\u00a0Le nombre de morts \u00e0 Saratov a atteint 6\u00a0personnes\u00a0\u00bb<\/strong>, a annonc\u00e9 sur Telegram le minist\u00e8re russe des Situations d\u2019urgence. Selon cette source, la derni\u00e8re victime est un homme qui avait \u00e9t\u00e9 d\u00e9gag\u00e9 par les secouristes apr\u00e8s avoir pass\u00e9 six heures coinc\u00e9 sous les d\u00e9combres, mais qui a ensuite succomb\u00e9 \u00e0 ses blessures.<\/p>\n<p><strong>Lire aussi\u00a0:<\/strong> <a href=\"https:\/\/rennes.maville.com\/actu\/actudet_-accident-d-avion-en-russie-les-boites-noires-ont-ete-retrouvees-deux-pistes-sont-evoquees-_54135-6913631_actu.Htm\" target=\"_blank\" rel=\"noopener\">Accident d\u2019avion en Russie\u00a0: les bo\u00eetes noires ont \u00e9t\u00e9 retrouv\u00e9es, deux pistes sont \u00e9voqu\u00e9es<\/a><\/p>\n<p>Quatre disparus et seize bless\u00e9es<\/p>\n<p>Quatre personnes sont toujours port\u00e9es disparues, ont indiqu\u00e9 dans la soir\u00e9e les services op\u00e9rationnels, cit\u00e9s par l\u2019agence de presse TASS. Seize personnes ont \u00e9t\u00e9 bless\u00e9es, selon les autorit\u00e9s m\u00e9dicales locales, \u00e9galement cit\u00e9es par TASS.<\/p>\n<p>Les op\u00e9rations de recherche se poursuivent dans les d\u00e9combres et le ministre russe des Situations d\u2019urgence, Alexandre Kourenkov, s\u2019est rendu sur place.<\/p>\n<p>Selon les secours, l\u2019explosion a eu lieu vers midi (08H00 GMT) dans un immeuble d\u2019une dizaine d\u2019\u00e9tages.\u00a0Plus de 30\u00a0appartements ont \u00e9t\u00e9 d\u00e9truits dans cette explosion, a pr\u00e9cis\u00e9 Roman Boussarguine, le gouverneur de la r\u00e9gion de Saratov (ouest), qui a annonc\u00e9 une journ\u00e9e de deuil.<\/p>\n<p><strong>Lire aussi\u00a0:<\/strong> <a href=\"https:\/\/rennes.maville.com\/actu\/actudet_-carte.-guerre-en-ukraine-avancee-russe-achat-de-systemes-de-defense-discussions...-le-point-du-jour-_54135-6914008_actu.Htm\" target=\"_blank\" rel=\"noopener\">CARTE. Guerre en Ukraine\u00a0: avanc\u00e9e russe, achat de syst\u00e8mes de d\u00e9fense, discussions\u2026 Le point du jour<\/a><\/p>\n<p>Une enqu\u00eate en cours<\/p>\n<p>Une enqu\u00eate pour non-respect des r\u00e8gles de s\u00e9curit\u00e9 a \u00e9t\u00e9 ouverte, selon le Comit\u00e9 d\u2019enqu\u00eate russe.<\/p>\n<p>Les explosions au gaz meurtri\u00e8res sont relativement communes en Russie, car la plupart des infrastructures remontent \u00e0 l\u2019\u00e9poque sovi\u00e9tique et les normes de s\u00e9curit\u00e9 sont souvent ignor\u00e9es.<\/p>\n<p>\u00a0<\/p>\n","protected":false},"excerpt":{"rendered":"Une explosion de gaz dans un immeuble r\u00e9sidentiel dans la ville de Saratov (ouest), en Russie, a fait&hellip;\n","protected":false},"author":2,"featured_media":274036,"comment_status":"","ping_status":"","sticky":false,"template":"","format":"standard","meta":{"footnotes":""},"categories":[1591],"tags":[15540,28015,11,41360,2688,1887,843,2693,5184,12,1885,1886,132],"class_list":{"0":"post-274035","1":"post","2":"type-post","3":"status-publish","4":"format-standard","5":"has-post-thumbnail","7":"category-russie","8":"tag-15540","9":"tag-28015","10":"tag-actualites","11":"tag-disparus","12":"tag-explosion","13":"tag-federation-de-russie","14":"tag-gaz","15":"tag-laval","16":"tag-morts","17":"tag-news","18":"tag-russia","19":"tag-russian-federation","20":"tag-russie"},"share_on_mastodon":{"url":"https:\/\/pubeurope.com\/@fr\/114916758860230563","error":""},"_links":{"self":[{"href":"https:\/\/www.europesays.com\/fr\/wp-json\/wp\/v2\/posts\/274035","targetHints":{"allow":["GET"]}}],"collection":[{"href":"https:\/\/www.europesays.com\/fr\/wp-json\/wp\/v2\/posts"}],"about":[{"href":"https:\/\/www.europesays.com\/fr\/wp-json\/wp\/v2\/types\/post"}],"author":[{"embeddable":true,"href":"https:\/\/www.europesays.com\/fr\/wp-json\/wp\/v2\/users\/2"}],"replies":[{"embeddable":true,"href":"https:\/\/www.europesays.com\/fr\/wp-json\/wp\/v2\/comments?post=274035"}],"version-history":[{"count":0,"href":"https:\/\/www.europesays.com\/fr\/wp-json\/wp\/v2\/posts\/274035\/revisions"}],"wp:featuredmedia":[{"embeddable":true,"href":"https:\/\/www.europesays.com\/fr\/wp-json\/wp\/v2\/media\/274036"}],"wp:attachment":[{"href":"https:\/\/www.europesays.com\/fr\/wp-json\/wp\/v2\/media?parent=274035"}],"wp:term":[{"taxonomy":"category","embeddable":true,"href":"https:\/\/www.europesays.com\/fr\/wp-json\/wp\/v2\/categories?post=274035"},{"taxonomy":"post_tag","embeddable":true,"href":"https:\/\/www.europesays.com\/fr\/wp-json\/wp\/v2\/tags?post=274035"}],"curies":[{"name":"wp","href":"https:\/\/api.w.org\/{rel}","templated":true}]}}