{"id":274039,"date":"2025-07-26T00:43:13","date_gmt":"2025-07-26T00:43:13","guid":{"rendered":"https:\/\/www.europesays.com\/fr\/274039\/"},"modified":"2025-07-26T00:43:13","modified_gmt":"2025-07-26T00:43:13","slug":"les-etats-unis-imposent-des-droits-antidumping-de-2056-sur-le-bois-doeuvre","status":"publish","type":"post","link":"https:\/\/www.europesays.com\/fr\/274039\/","title":{"rendered":"Les \u00c9tats-Unis imposent des droits antidumping de 20,56\u00a0% sur le bois d\u2019\u0153uvre"},"content":{"rendered":"<p class=\"sc-fedTIj dHQWkM\">Les organisations du secteur du bois d&rsquo;\u0153uvre de la Colombie-Britannique condamnent la d\u00e9cision du d\u00e9partement du Commerce des \u00c9tats-Unis d&rsquo;augmenter les droits antidumping sur le bois d&rsquo;\u0153uvre canadien \u00e0 20,56\u00a0%, les qualifiant d&rsquo;injustifi\u00e9es, punitives et protectionnistes.<\/p>\n<p class=\"sc-fedTIj dHQWkM\">Le Conseil des industries foresti\u00e8res de la Colombie-Britannique a publi\u00e9 une d\u00e9claration vendredi, affirmant que <a tabindex=\"0\" class=\"border-b border-solid transition-colors text-blue600 hover:text-blue600 light:text-blue600 light:hover:text-blue600 dark:text-blue400 dark:hover:text-blue400 border-gray900\/25 light:border-gray900\/25 dark:border-gray100\/25 hover:border-blue600 light:hover:border-blue600 dark:hover:border-blue400 hover:bg-gray999\/10 light:hover:bg-gray999\/10 dark:hover:bg-gray0\/10\" href=\"https:\/\/ici.radio-canada.ca\/nouvelle\/2181674\/etats-unis-canada-guerre-commerciale-negociations-trump-carney\" rel=\"nofollow noopener\" target=\"_blank\">cette mesure commerciale<\/a> porterait pr\u00e9judice aux travailleurs, aux familles et aux collectivit\u00e9s de la province et du Canada.<\/p>\n<p class=\"sc-fedTIj dHQWkM\">Le Conseil demande au gouvernement canadien de faire de la r\u00e9solution du conflit sur le bois d&rsquo;\u0153uvre une priorit\u00e9 nationale absolue, affirmant que la derni\u00e8re escalade de la part du d\u00e9partement du Commerce montre qu&rsquo;il est impatient que les \u00c9tats-Unis agissent.<\/p>\n<p class=\"sc-fedTIj dHQWkM\">Le Conseil du commerce du bois d&rsquo;\u0153uvre de la Colombie-Britannique a d\u00e9clar\u00e9 dans une d\u00e9claration distincte que si l&rsquo;examen en cours du d\u00e9partement am\u00e9ricain sur les droits compensateurs est conforme \u00e0 ses r\u00e9sultats pr\u00e9liminaires, le taux combin\u00e9 appliqu\u00e9 au bois d&rsquo;\u0153uvre canadien exp\u00e9di\u00e9 aux \u00c9tats-Unis d\u00e9passera largement les 30\u00a0%.<\/p>\n<p class=\"sc-fedTIj dHQWkM\">Le premier ministre Mark Carney a indiqu\u00e9, plus t\u00f4t ce mois-ci, qu&rsquo;un futur accord commercial avec les \u00c9tats-Unis pourrait inclure des quotas sur le bois d&rsquo;\u0153uvre, un domaine qui a caus\u00e9 des frictions entre les deux pays pendant des ann\u00e9es avant la derni\u00e8re guerre commerciale. <\/p>\n<p><img decoding=\"async\" alt=\"Trump et Carney.\" class=\"absolute left-0 top-0 size-full object-cover transition-opacity ease-out print:relative html-dark:brightness-[.8]\" loading=\"lazy\" src=\"https:\/\/www.europesays.com\/fr\/wp-content\/uploads\/2025\/07\/g7-trump-carney.jpg\"\/>Ouvrir en mode plein \u00e9cran<\/p>\n<p class=\"sc-cvBxsj fbwuLG\">Dans une lettre adress\u00e9e au premier ministre canadien, le 10\u00a0juillet, M.\u00a0Trump a menac\u00e9 d&rsquo;imposer des droits de douane de 35\u00a0% sur les produits canadiens le 1er\u00a0ao\u00fbt, fixant ainsi une nouvelle date limite pour les n\u00e9gociations commerciales.<\/p>\n<p class=\"sc-frWhYi iczfiR text-gray600 light:text-gray600 dark:text-gray400\">Photo : Reuters \/ Kevin Lamarque<\/p>\n<p class=\"sc-fedTIj dHQWkM\">En mars, le d\u00e9partement am\u00e9ricain avait publi\u00e9 <a tabindex=\"0\" class=\"border-b border-solid transition-colors text-blue600 hover:text-blue600 light:text-blue600 light:hover:text-blue600 dark:text-blue400 dark:hover:text-blue400 border-gray900\/25 light:border-gray900\/25 dark:border-gray100\/25 hover:border-blue600 light:hover:border-blue600 dark:hover:border-blue400 hover:bg-gray999\/10 light:hover:bg-gray999\/10 dark:hover:bg-gray0\/10\" href=\"https:\/\/ici.radio-canada.ca\/nouvelle\/2145111\/bois-oeuvre-resineux-conflit-trump-cb\" rel=\"nofollow noopener\" target=\"_blank\">un taux antidumping pr\u00e9liminaire de 20,07\u00a0%<\/a>, en hausse par rapport aux 7,66\u00a0% fix\u00e9s trois\u00a0ans auparavant, qui s&rsquo;ajoute aux droits compensateurs de 6,74\u00a0%.<\/p>\n<p class=\"sc-fedTIj dHQWkM\">Cette d\u00e9cision illustre une fois de plus le protectionnisme am\u00e9ricain persistant \u00e0 un moment o\u00f9 la coop\u00e9ration transfrontali\u00e8re devrait \u00eatre une priorit\u00e9 commune, a d\u00e9clar\u00e9 le Conseil du commerce du bois d&rsquo;\u0153uvre de la Colombie-Britannique dans un communiqu\u00e9.<\/p>\n<p class=\"sc-fedTIj dHQWkM\">Le Conseil des industries foresti\u00e8res de la Colombie-Britannique a indiqu\u00e9 que le gouvernement provincial pourrait apporter plusieurs changements qui aideraient l&rsquo;industrie \u00e0 maintenir ses scieries en activit\u00e9.<\/p>\n<p class=\"sc-fedTIj dHQWkM\">En activant les ventes de bois, en acc\u00e9l\u00e9rant l&rsquo;obtention des permis et en r\u00e9duisant l&rsquo;impasse r\u00e9glementaire, la Colombie-Britannique pourrait envoyer un signal fort quant \u00e0 sa volont\u00e9 de reconstruire un secteur forestier durable.<\/p>\n<p class=\"sc-fedTIj dHQWkM\">Ces mesures commerciales injustifi\u00e9es et punitives continuent de nuire aux travailleurs, aux familles et aux communaut\u00e9s de la Colombie-Britannique et du Canada, et sont rest\u00e9es sans solution pendant bien trop longtemps, a expliqu\u00e9 le Conseil dans un communiqu\u00e9.<\/p>\n","protected":false},"excerpt":{"rendered":"Les organisations du secteur du bois d&rsquo;\u0153uvre de la Colombie-Britannique condamnent la d\u00e9cision du d\u00e9partement du Commerce des&hellip;\n","protected":false},"author":2,"featured_media":274040,"comment_status":"","ping_status":"","sticky":false,"template":"","format":"standard","meta":{"footnotes":""},"categories":[1589],"tags":[11,73,1866,12,1864,1865,1863,308],"class_list":{"0":"post-274039","1":"post","2":"type-post","3":"status-publish","4":"format-standard","5":"has-post-thumbnail","7":"category-etats-unis","8":"tag-actualites","9":"tag-etats-unis","10":"tag-etats-unis-damerique","11":"tag-news","12":"tag-united-states","13":"tag-united-states-of-america","14":"tag-us","15":"tag-usa"},"share_on_mastodon":{"url":"https:\/\/pubeurope.com\/@fr\/114916766733314924","error":""},"_links":{"self":[{"href":"https:\/\/www.europesays.com\/fr\/wp-json\/wp\/v2\/posts\/274039","targetHints":{"allow":["GET"]}}],"collection":[{"href":"https:\/\/www.europesays.com\/fr\/wp-json\/wp\/v2\/posts"}],"about":[{"href":"https:\/\/www.europesays.com\/fr\/wp-json\/wp\/v2\/types\/post"}],"author":[{"embeddable":true,"href":"https:\/\/www.europesays.com\/fr\/wp-json\/wp\/v2\/users\/2"}],"replies":[{"embeddable":true,"href":"https:\/\/www.europesays.com\/fr\/wp-json\/wp\/v2\/comments?post=274039"}],"version-history":[{"count":0,"href":"https:\/\/www.europesays.com\/fr\/wp-json\/wp\/v2\/posts\/274039\/revisions"}],"wp:featuredmedia":[{"embeddable":true,"href":"https:\/\/www.europesays.com\/fr\/wp-json\/wp\/v2\/media\/274040"}],"wp:attachment":[{"href":"https:\/\/www.europesays.com\/fr\/wp-json\/wp\/v2\/media?parent=274039"}],"wp:term":[{"taxonomy":"category","embeddable":true,"href":"https:\/\/www.europesays.com\/fr\/wp-json\/wp\/v2\/categories?post=274039"},{"taxonomy":"post_tag","embeddable":true,"href":"https:\/\/www.europesays.com\/fr\/wp-json\/wp\/v2\/tags?post=274039"}],"curies":[{"name":"wp","href":"https:\/\/api.w.org\/{rel}","templated":true}]}}