{"id":274041,"date":"2025-07-26T00:44:13","date_gmt":"2025-07-26T00:44:13","guid":{"rendered":"https:\/\/www.europesays.com\/fr\/274041\/"},"modified":"2025-07-26T00:44:13","modified_gmt":"2025-07-26T00:44:13","slug":"le-fmi-met-en-garde-contre-le-risque-dun-derapage-budgetaire-au-royaume-uni","status":"publish","type":"post","link":"https:\/\/www.europesays.com\/fr\/274041\/","title":{"rendered":"Le FMI met en garde contre le risque d&rsquo;un d\u00e9rapage budg\u00e9taire au Royaume-Uni"},"content":{"rendered":"<p>Le Fonds mon\u00e9taire international (FMI) a averti que le gouvernement britannique risquait de s&rsquo;\u00e9carter de ses objectifs de redressement des finances publiques, exhortant la ministre des Finances, Rachel Reeves, \u00e0 se donner davantage de marge de man\u0153uvre via des mesures fiscales ou budg\u00e9taires.<\/p>\n<p>Dans la version finale de son rapport annuel sur l&rsquo;\u00e9conomie britannique, le FMI a soulign\u00e9 que les modifications apport\u00e9es par Rachel Reeves aux plans de r\u00e9duction du d\u00e9ficit du gouvernement avaient renforc\u00e9 la cr\u00e9dibilit\u00e9 et l&rsquo;efficacit\u00e9 de la politique budg\u00e9taire.<\/p>\n<p>\u00ab\u00a0Les risques pesant sur cette strat\u00e9gie doivent \u00eatre g\u00e9r\u00e9s avec prudence. Dans un environnement mondial incertain et avec une marge budg\u00e9taire limit\u00e9e, les r\u00e8gles fiscales pourraient facilement \u00eatre enfreintes si la croissance d\u00e9\u00e7oit ou si des chocs de taux d&rsquo;int\u00e9r\u00eat surviennent\u00a0\u00bb, a d\u00e9clar\u00e9 le FMI.<\/p>\n<p>Le Fonds a \u00e9galement indiqu\u00e9 que le risque de modifications trop fr\u00e9quentes de la politique fiscale et budg\u00e9taire pourrait \u00eatre att\u00e9nu\u00e9 par des ajustements, notamment en permettant \u00e0 Reeves de disposer d&rsquo;une plus grande marge de man\u0153uvre pour atteindre ses objectifs.<\/p>\n<p>\u00ab\u00a0La meilleure option serait de maintenir une marge suppl\u00e9mentaire sous les r\u00e8gles, afin que de petits changements dans les perspectives n&rsquo;affectent pas l&rsquo;\u00e9valuation du respect des r\u00e8gles\u00a0\u00bb, ajoute le rapport.<\/p>\n<p>En r\u00e9ponse \u00e0 ce rapport, Rachel Reeves a affirm\u00e9 dans un communiqu\u00e9 que le FMI avait soutenu ses choix pour permettre \u00e0 l&rsquo;\u00e9conomie britannique de se redresser, ajoutant que ses mesures \u00ab\u00a0s&rsquo;attaqueraient aux d\u00e9fis \u00e9conomiques profonds que nous avons h\u00e9rit\u00e9s, dans un contexte de vents contraires mondiaux\u00a0\u00bb.<\/p>\n<p>Rachel Reeves subit actuellement des pressions pour augmenter les imp\u00f4ts plus tard dans l&rsquo;ann\u00e9e afin de rester sur la trajectoire de ses objectifs budg\u00e9taires, apr\u00e8s avoir d\u00e9j\u00e0 relev\u00e9 les cotisations sociales pay\u00e9es par les employeurs et adopt\u00e9 d&rsquo;autres mesures de recettes \u00e0 la fin de 2024.<\/p>\n","protected":false},"excerpt":{"rendered":"Le Fonds mon\u00e9taire international (FMI) a averti que le gouvernement britannique risquait de s&rsquo;\u00e9carter de ses objectifs de&hellip;\n","protected":false},"author":2,"featured_media":274042,"comment_status":"","ping_status":"","sticky":false,"template":"","format":"standard","meta":{"footnotes":""},"categories":[1588],"tags":[11,340,1777,674,12,473,1853,1851,1850,1852],"class_list":{"0":"post-274041","1":"post","2":"type-post","3":"status-publish","4":"format-standard","5":"has-post-thumbnail","7":"category-royaume-uni","8":"tag-actualites","9":"tag-bourse","10":"tag-eu","11":"tag-europe","12":"tag-news","13":"tag-royaume-uni","14":"tag-royaume-uni-de-grande-bretagne-et-dirlande-du-nord","15":"tag-uk","16":"tag-united-kingdom","17":"tag-united-kingdom-of-great-britain-and-northern-ireland"},"share_on_mastodon":{"url":"https:\/\/pubeurope.com\/@fr\/114916770818523804","error":""},"_links":{"self":[{"href":"https:\/\/www.europesays.com\/fr\/wp-json\/wp\/v2\/posts\/274041","targetHints":{"allow":["GET"]}}],"collection":[{"href":"https:\/\/www.europesays.com\/fr\/wp-json\/wp\/v2\/posts"}],"about":[{"href":"https:\/\/www.europesays.com\/fr\/wp-json\/wp\/v2\/types\/post"}],"author":[{"embeddable":true,"href":"https:\/\/www.europesays.com\/fr\/wp-json\/wp\/v2\/users\/2"}],"replies":[{"embeddable":true,"href":"https:\/\/www.europesays.com\/fr\/wp-json\/wp\/v2\/comments?post=274041"}],"version-history":[{"count":0,"href":"https:\/\/www.europesays.com\/fr\/wp-json\/wp\/v2\/posts\/274041\/revisions"}],"wp:featuredmedia":[{"embeddable":true,"href":"https:\/\/www.europesays.com\/fr\/wp-json\/wp\/v2\/media\/274042"}],"wp:attachment":[{"href":"https:\/\/www.europesays.com\/fr\/wp-json\/wp\/v2\/media?parent=274041"}],"wp:term":[{"taxonomy":"category","embeddable":true,"href":"https:\/\/www.europesays.com\/fr\/wp-json\/wp\/v2\/categories?post=274041"},{"taxonomy":"post_tag","embeddable":true,"href":"https:\/\/www.europesays.com\/fr\/wp-json\/wp\/v2\/tags?post=274041"}],"curies":[{"name":"wp","href":"https:\/\/api.w.org\/{rel}","templated":true}]}}