{"id":274045,"date":"2025-07-26T00:46:11","date_gmt":"2025-07-26T00:46:11","guid":{"rendered":"https:\/\/www.europesays.com\/fr\/274045\/"},"modified":"2025-07-26T00:46:11","modified_gmt":"2025-07-26T00:46:11","slug":"a-istanbul-iraniens-et-europeens-renouent-le-dialogue-sur-le-nucleaire","status":"publish","type":"post","link":"https:\/\/www.europesays.com\/fr\/274045\/","title":{"rendered":"\u00c0 Istanbul, Iraniens et Europ\u00e9ens renouent le dialogue sur le nucl\u00e9aire"},"content":{"rendered":"<p>Le dialogue sur le nucl\u00e9aire iranien est renou\u00e9 entre Paris, Londres et Berlin d\u2019un c\u00f4t\u00e9, et T\u00e9h\u00e9ran, de l\u2019autre. Quatre d\u00e9l\u00e9gations internationales se sont rencontr\u00e9es, vendredi 25 juillet 2025, \u00e0 Istanbul, en Turquie.<\/p>\n<p>Pour T\u00e9h\u00e9ran, cette r\u00e9union repr\u00e9sentait une occasion pour l\u2019Europe de \u00ab corriger \u00bb sa position sur le programme nucl\u00e9aire iranien.<\/p>\n<p>Parall\u00e8lement, le chef de l\u2019Agence internationale de l\u2019\u00e9nergie atomique (AIEA), Rafael Grossi, s\u2019est dit \u00ab encourag\u00e9 \u00bb par le feu vert de T\u00e9h\u00e9ran pour une visite de cet organe des Nations unies \u00ab dans les semaines \u00e0 venir \u00bb.<\/p>\n<p>La visite d\u2019une \u00e9quipe technique de l\u2019AIEA pourrait conduire au retour des inspecteurs de l\u2019ONU en Iran, \u00ab \u00e9ventuellement dans le courant de l\u2019ann\u00e9e \u00bb, a estim\u00e9 Rafael Grossi.<\/p>\n<p>T\u00e9h\u00e9ran a suspendu, d\u00e9but juillet 2025, toute coop\u00e9ration avec l\u2019Agence, estimant qu\u2019elle avait une part de responsabilit\u00e9 dans le d\u00e9clenchement des frappes isra\u00e9liennes et am\u00e9ricaines en juin.<\/p>\n","protected":false},"excerpt":{"rendered":"Le dialogue sur le nucl\u00e9aire iranien est renou\u00e9 entre Paris, Londres et Berlin d\u2019un c\u00f4t\u00e9, et T\u00e9h\u00e9ran, de&hellip;\n","protected":false},"author":2,"featured_media":274046,"comment_status":"","ping_status":"","sticky":false,"template":"","format":"standard","meta":{"footnotes":""},"categories":[1586],"tags":[11,765,893,1777,674,1011,27,3019,74,12,5654,25,364],"class_list":{"0":"post-274045","1":"post","2":"type-post","3":"status-publish","4":"format-standard","5":"has-post-thumbnail","7":"category-europe","8":"tag-actualites","9":"tag-en-continu","10":"tag-energie","11":"tag-eu","12":"tag-europe","13":"tag-fr","14":"tag-france","15":"tag-iran","16":"tag-monde","17":"tag-news","18":"tag-nucleaire","19":"tag-republique-francaise","20":"tag-union-europeenne"},"share_on_mastodon":{"url":"https:\/\/pubeurope.com\/@fr\/114916778525327072","error":""},"_links":{"self":[{"href":"https:\/\/www.europesays.com\/fr\/wp-json\/wp\/v2\/posts\/274045","targetHints":{"allow":["GET"]}}],"collection":[{"href":"https:\/\/www.europesays.com\/fr\/wp-json\/wp\/v2\/posts"}],"about":[{"href":"https:\/\/www.europesays.com\/fr\/wp-json\/wp\/v2\/types\/post"}],"author":[{"embeddable":true,"href":"https:\/\/www.europesays.com\/fr\/wp-json\/wp\/v2\/users\/2"}],"replies":[{"embeddable":true,"href":"https:\/\/www.europesays.com\/fr\/wp-json\/wp\/v2\/comments?post=274045"}],"version-history":[{"count":0,"href":"https:\/\/www.europesays.com\/fr\/wp-json\/wp\/v2\/posts\/274045\/revisions"}],"wp:featuredmedia":[{"embeddable":true,"href":"https:\/\/www.europesays.com\/fr\/wp-json\/wp\/v2\/media\/274046"}],"wp:attachment":[{"href":"https:\/\/www.europesays.com\/fr\/wp-json\/wp\/v2\/media?parent=274045"}],"wp:term":[{"taxonomy":"category","embeddable":true,"href":"https:\/\/www.europesays.com\/fr\/wp-json\/wp\/v2\/categories?post=274045"},{"taxonomy":"post_tag","embeddable":true,"href":"https:\/\/www.europesays.com\/fr\/wp-json\/wp\/v2\/tags?post=274045"}],"curies":[{"name":"wp","href":"https:\/\/api.w.org\/{rel}","templated":true}]}}