{"id":274047,"date":"2025-07-26T00:47:10","date_gmt":"2025-07-26T00:47:10","guid":{"rendered":"https:\/\/www.europesays.com\/fr\/274047\/"},"modified":"2025-07-26T00:47:10","modified_gmt":"2025-07-26T00:47:10","slug":"meta-va-suspendre-ses-publicites-politiques-dans-lue","status":"publish","type":"post","link":"https:\/\/www.europesays.com\/fr\/274047\/","title":{"rendered":"Meta va suspendre ses publicit\u00e9s politiques dans l\u2019UE"},"content":{"rendered":"<p><strong>Face aux nouvelles r\u00e8gles strictes de l\u2019Union europ\u00e9enne sur la transparence des campagnes, Meta a d\u00e9cid\u00e9 de cesser toute publicit\u00e9 politique, \u00e9lectorale et sociale sur Facebook, Instagram et Threads \u00e0 partir de cet automne.<\/strong><\/p>\n<p>Meta, la maison m\u00e8re de Facebook et Instagram, a annonc\u00e9 vendredi qu\u2019elle suspendrait la diffusion de publicit\u00e9s politiques dans l\u2019ensemble de l\u2019Union europ\u00e9enne d\u00e8s octobre. Cette d\u00e9cision intervient alors que l\u2019UE s\u2019appr\u00eate \u00e0 appliquer de nouvelles r\u00e9glementations visant \u00e0 garantir une meilleure transparence des campagnes \u00e9lectorales et \u00e0 lutter contre l\u2019ing\u00e9rence \u00e9trang\u00e8re.<\/p>\n<p>Dans un communiqu\u00e9 publi\u00e9 sur son blog officiel, le g\u00e9ant am\u00e9ricain des r\u00e9seaux sociaux a expliqu\u00e9 que ces nouvelles r\u00e8gles europ\u00e9ennes \u00e9taient \u00ab impraticables \u00bb, soulignant qu\u2019elles engendraient \u00ab des d\u00e9fis op\u00e9rationnels significatifs et une incertitude juridique \u00bb pour ses plateformes.<\/p>\n<p>Les nouvelles dispositions, qui entreront en vigueur le 10 octobre, imposeront aux plateformes num\u00e9riques d\u2019identifier clairement les publicit\u00e9s politiques, d\u2019indiquer leur financement et leur lien avec une campagne, un r\u00e9f\u00e9rendum ou un processus l\u00e9gislatif pr\u00e9cis. Elles pr\u00e9voient \u00e9galement un archivage syst\u00e9matique de ces publicit\u00e9s dans des bases de donn\u00e9es publiques et restreignent leur ciblage \u00e0 des conditions strictes.<\/p>\n<p>Meta estime que ces \u00ab obligations suppl\u00e9mentaires \u00bb introduisent un \u00ab niveau intenable de complexit\u00e9 \u00bb pour les annonceurs et pour la plateforme elle-m\u00eame. L\u2019entreprise a par ailleurs rappel\u00e9 que tout manquement \u00e0 cette nouvelle r\u00e9glementation pourrait entra\u00eener des amendes atteignant jusqu\u2019\u00e0 6 % du chiffre d\u2019affaires annuel mondial.<\/p>\n<p>Avec cette annonce, Meta rejoint Google, qui avait d\u00e9j\u00e0 pris une d\u00e9cision similaire l\u2019ann\u00e9e derni\u00e8re, en cessant de diffuser toute publicit\u00e9 politique dans l\u2019UE avant l\u2019entr\u00e9e en vigueur de cette l\u00e9gislation.<\/p>\n<p>Cependant, la suspension des publicit\u00e9s politiques ne signifie pas la fin des d\u00e9bats en ligne. Meta a pr\u00e9cis\u00e9 que les politiciens, candidats et utilisateurs pourront toujours publier des contenus politiques de mani\u00e8re organique sur ses plateformes. \u00ab Ils ne pourront tout simplement pas amplifier ces messages via la publicit\u00e9 payante \u00bb, a ajout\u00e9 l\u2019entreprise.<\/p>\n<p>Ces r\u00e8gles s\u2019inscrivent dans la strat\u00e9gie plus large de Bruxelles pour s\u00e9curiser l\u2019espace num\u00e9rique europ\u00e9en, prot\u00e9ger la vie priv\u00e9e des citoyens et responsabiliser davantage les g\u00e9ants technologiques sur la s\u00e9curit\u00e9 en ligne. Mais elles se heurtent \u00e0 une forte opposition de l\u2019administration Trump, qui critique r\u00e9guli\u00e8rement le cadre r\u00e9glementaire num\u00e9rique europ\u00e9en.<\/p>\n","protected":false},"excerpt":{"rendered":"Face aux nouvelles r\u00e8gles strictes de l\u2019Union europ\u00e9enne sur la transparence des campagnes, Meta a d\u00e9cid\u00e9 de cesser&hellip;\n","protected":false},"author":2,"featured_media":274048,"comment_status":"","ping_status":"","sticky":false,"template":"","format":"standard","meta":{"footnotes":""},"categories":[1586],"tags":[11,1777,674,1779,1011,27,12,25,1778,364],"class_list":{"0":"post-274047","1":"post","2":"type-post","3":"status-publish","4":"format-standard","5":"has-post-thumbnail","7":"category-europe","8":"tag-actualites","9":"tag-eu","10":"tag-europe","11":"tag-european-union","12":"tag-fr","13":"tag-france","14":"tag-news","15":"tag-republique-francaise","16":"tag-ue","17":"tag-union-europeenne"},"share_on_mastodon":{"url":"https:\/\/pubeurope.com\/@fr\/114916782492501642","error":""},"_links":{"self":[{"href":"https:\/\/www.europesays.com\/fr\/wp-json\/wp\/v2\/posts\/274047","targetHints":{"allow":["GET"]}}],"collection":[{"href":"https:\/\/www.europesays.com\/fr\/wp-json\/wp\/v2\/posts"}],"about":[{"href":"https:\/\/www.europesays.com\/fr\/wp-json\/wp\/v2\/types\/post"}],"author":[{"embeddable":true,"href":"https:\/\/www.europesays.com\/fr\/wp-json\/wp\/v2\/users\/2"}],"replies":[{"embeddable":true,"href":"https:\/\/www.europesays.com\/fr\/wp-json\/wp\/v2\/comments?post=274047"}],"version-history":[{"count":0,"href":"https:\/\/www.europesays.com\/fr\/wp-json\/wp\/v2\/posts\/274047\/revisions"}],"wp:featuredmedia":[{"embeddable":true,"href":"https:\/\/www.europesays.com\/fr\/wp-json\/wp\/v2\/media\/274048"}],"wp:attachment":[{"href":"https:\/\/www.europesays.com\/fr\/wp-json\/wp\/v2\/media?parent=274047"}],"wp:term":[{"taxonomy":"category","embeddable":true,"href":"https:\/\/www.europesays.com\/fr\/wp-json\/wp\/v2\/categories?post=274047"},{"taxonomy":"post_tag","embeddable":true,"href":"https:\/\/www.europesays.com\/fr\/wp-json\/wp\/v2\/tags?post=274047"}],"curies":[{"name":"wp","href":"https:\/\/api.w.org\/{rel}","templated":true}]}}