{"id":274055,"date":"2025-07-26T00:52:13","date_gmt":"2025-07-26T00:52:13","guid":{"rendered":"https:\/\/www.europesays.com\/fr\/274055\/"},"modified":"2025-07-26T00:52:13","modified_gmt":"2025-07-26T00:52:13","slug":"mondial-de-volley-u19-la-tunisie-sincline-face-a-legypte-mosaiquefm-net","status":"publish","type":"post","link":"https:\/\/www.europesays.com\/fr\/274055\/","title":{"rendered":"Mondial de volley U19: La Tunisie s&#039;incline face \u00e0 l&#039;Egypte &#8211; mosaiquefm.net"},"content":{"rendered":"<ol>\n<li><a href=\"https:\/\/news.google.com\/rss\/articles\/CBMiqwFBVV95cUxNM2xCeEZ6UjcxNzU2eW80Tkw5d3Mzd3BuUmE2dUdPOXVvRTYtVV9JQ2szSlFJNGZjby1zQV82UFJVZ01YeGdXMnJWODhfU05YY0tnTUxVajl2RGMzRHlZZlZRMXlWM19ibU0tVGI2TTBvc0hBeHdpSGVNeFFkaWwyLXZnV1h0T1B4eEttMUtyTnozeG5ZSm5vYUdtRHd4dXY0RlZOdEREU2xRaDg?oc=5\" target=\"_blank\" rel=\"nofollow noopener\">Mondial de volley U19: La Tunisie s&rsquo;incline face \u00e0 l&rsquo;Egypte<\/a>&nbsp;&nbsp;mosaiquefm.net<\/li>\n<li><a href=\"https:\/\/news.google.com\/rss\/articles\/CBMizgFBVV95cUxNNHQwdThzWDZta0p1LTFNMHU1N0dLdFhJcXZqbXJEWGt6ZG5YbHY5cUdJTWIzOTNac01PYjFkS1V0Y1VEMVBGaFg4cE1RZVNiVGdTRGxOQ3FHdFQtbU4wdDBvWExzdGRHRUkzRmczcTU3QkJmZFQ0dUl4R2ZYeVh4YU1xMUR1dDd5SExxVDYydDc3RmJLa01yNGU1VlF3clhvVEZ0VGFaOThvd2xyS192Mmt3dEJaNi1EZ2UzT3prRm1JY0ZCMEdJR3pqdkNaZw?oc=5\" target=\"_blank\" rel=\"nofollow noopener\">\u00ab \u00c7a montre que le travail paie \u00bb : le Marl\u00e9sien Adelin Nowaczyk s\u00e9lectionn\u00e9 pour les Mondiaux U19 de volley<\/a>&nbsp;&nbsp;Nord Littoral<\/li>\n<li><a href=\"https:\/\/news.google.com\/rss\/articles\/CBMi0wFBVV95cUxPVHB4RFBiZXFrazg4UF9Ta0xneVdpNGhVMFBDT09KRlIzNjBXUmlFWjVDQ2dRZnhvWDc0VS1QdGhYVlFhcmJsRU1nbjFBY055QTBiT28xYTJJQzdzVEk1N2h3Tmx2OXZoZF9rZkxnNGQ1ajNGQWhtZ0pESnBZb19GVEY1Nm1kT21DU0c0WUFzYnFWRlNyYm9lWmdtN0prRGVvM2RiWTR4azBpOFhzbHlGa0ZGaF9zRGZJRmstZXVseUtScEdqLXFfdE5MTGFRaTV5NjU40gHYAUFVX3lxTE1Wb3U1R183Z3ZSclRQQUpkWWxVZ2E1ZTJfckhXS0x2dEdxS19NdmNqUS1lbzcyNk5VZWpwcG9yNXlLV0N6RkVMSkpZRXVNbmJYSDVwdlRoNFBKTVpoR1ctTFV0Yk1nU0pXeF9vc1Fic2prSlpGZWxocTlRTkJYV0xheVBua2o1NFNlX3hOMnZ3bUNTM1BuUXRreTQ1dW1ROF9rUnc1dGhaZ1FCUkNNVEJjQlJyTG9kOVl2NV95SmtRTW5JR0g2cDR2Y3BGSTdON3ljbkg5TDB5cA?oc=5\" target=\"_blank\" rel=\"nofollow noopener\">Volley-ball : Programme de la s\u00e9lection tunisienne des moins de 19 ans au championnat du Monde 2025<\/a>&nbsp;&nbsp;Kawarji.com<\/li>\n<li><a href=\"https:\/\/news.google.com\/rss\/articles\/CBMi9wFBVV95cUxOcmxySDdjNnVBXzJQaHhmUy15SUVOY2lhMjB2ZmZLZDMtZ25aS0ZMdHUyV0ZFbFJVOWhuQ2pQY1NoSm1rOG90dzJYSm5GOEcyLXd1UVBQS0NsXzlOUXhHaUxJazctWlFNbm1PNnFzaU9nb19tUXBBMGJrT3JERXctRGZOM2dxS2xPdEw2WFZZS1hEVVVKOGpESjF2LWxjX1hqVmJoeE12d0xKY3BadzNyc2dTSjJld2tDRTBXTmliejVqU3hnaER0Z21lMU5jVlc5ZnpIM3lXNU1scTlLejByMVhXeU0wdjBqaHAzbGpadHhDemlReHJN?oc=5\" target=\"_blank\" rel=\"nofollow noopener\">Volleyball &#8211; Championnat du monde U19 &#8211; Aboubakeur Cheniti, s\u00e9lectionneur national : \u00abR\u00e9aliser un parcours honorable \u00e0 Tachkent\u00bb<\/a>&nbsp;&nbsp;El Moudjahid<\/li>\n<li><a href=\"https:\/\/news.google.com\/rss\/articles\/CBMiuAFBVV95cUxNZ29kWUFqSkVONEJFU0t6dThKNTRLM0dGc3VLVUpsc0d6a28wMm9pRlg4VE5qUEhuV1NoeGFkQmUyb3R3a2hxOXFyVGlzV0dNajZYM05BSjBpNkt3eC1FcC1ibzZ1SEpNUF9iNk9RTUU3WG9BY2NINHI1LUxkQWk3YW0wNmlqRlV2b013ZTFBeFZDZ3FEc1drTkVUaFFZMmNUSVp5enQxLXVQV0g4WXZhVWlTa19JTmpT0gG-AUFVX3lxTE1KOUQ0bGVMYUtKbXFDcGtPVmdUV21UbGNwOU5NTEUzaG1YV3NjRXhucHI4UWlQUE1pWjA1RU1OcUN2TkphbC1LMFYzWUNLX29kRVhIZlQ0dzJsbm5oR0tOUzVqeG9vVDZ2Q09sbFdiYTExSG12Q2t4LWVjOWUxN3VXM1UzTnBBZElOQXp2ZTJxd0d6TW5ZejVTSkFRS3FDNjlhQVlBdjVtUXpHd0J0aFEySHljWDNDMHl6NmtJU0E?oc=5\" target=\"_blank\" rel=\"nofollow noopener\">Volley \u2013 Mondial masculin U19 : sur quelle chaine et \u00e0 quelle heure suivre Tunisie \u2013 Iran ?<\/a>&nbsp;&nbsp;Tunisie numerique<\/li>\n<\/ol>\n","protected":false},"excerpt":{"rendered":"Mondial de volley U19: La Tunisie s&rsquo;incline face \u00e0 l&rsquo;Egypte&nbsp;&nbsp;mosaiquefm.net \u00ab \u00c7a montre que le travail paie \u00bb&hellip;\n","protected":false},"author":2,"featured_media":274056,"comment_status":"","ping_status":"","sticky":false,"template":"","format":"standard","meta":{"footnotes":""},"categories":[1417],"tags":[1011,27,60,1470,1469],"class_list":{"0":"post-274055","1":"post","2":"type-post","3":"status-publish","4":"format-standard","5":"has-post-thumbnail","7":"category-volley","8":"tag-fr","9":"tag-france","10":"tag-sports","11":"tag-volley","12":"tag-volleyball"},"share_on_mastodon":{"url":"https:\/\/pubeurope.com\/@fr\/114916802152055976","error":""},"_links":{"self":[{"href":"https:\/\/www.europesays.com\/fr\/wp-json\/wp\/v2\/posts\/274055","targetHints":{"allow":["GET"]}}],"collection":[{"href":"https:\/\/www.europesays.com\/fr\/wp-json\/wp\/v2\/posts"}],"about":[{"href":"https:\/\/www.europesays.com\/fr\/wp-json\/wp\/v2\/types\/post"}],"author":[{"embeddable":true,"href":"https:\/\/www.europesays.com\/fr\/wp-json\/wp\/v2\/users\/2"}],"replies":[{"embeddable":true,"href":"https:\/\/www.europesays.com\/fr\/wp-json\/wp\/v2\/comments?post=274055"}],"version-history":[{"count":0,"href":"https:\/\/www.europesays.com\/fr\/wp-json\/wp\/v2\/posts\/274055\/revisions"}],"wp:featuredmedia":[{"embeddable":true,"href":"https:\/\/www.europesays.com\/fr\/wp-json\/wp\/v2\/media\/274056"}],"wp:attachment":[{"href":"https:\/\/www.europesays.com\/fr\/wp-json\/wp\/v2\/media?parent=274055"}],"wp:term":[{"taxonomy":"category","embeddable":true,"href":"https:\/\/www.europesays.com\/fr\/wp-json\/wp\/v2\/categories?post=274055"},{"taxonomy":"post_tag","embeddable":true,"href":"https:\/\/www.europesays.com\/fr\/wp-json\/wp\/v2\/tags?post=274055"}],"curies":[{"name":"wp","href":"https:\/\/api.w.org\/{rel}","templated":true}]}}