{"id":274057,"date":"2025-07-26T00:53:18","date_gmt":"2025-07-26T00:53:18","guid":{"rendered":"https:\/\/www.europesays.com\/fr\/274057\/"},"modified":"2025-07-26T00:53:18","modified_gmt":"2025-07-26T00:53:18","slug":"rugby-a-xiii-les-dragons-catalans-a-wigan-entre-fierte-a-sauver-et-avenir-a-construire","status":"publish","type":"post","link":"https:\/\/www.europesays.com\/fr\/274057\/","title":{"rendered":"Rugby \u00e0 XIII\u00a0: les Dragons Catalans \u00e0 Wigan, entre fiert\u00e9 \u00e0 sauver et avenir \u00e0 construire"},"content":{"rendered":"<p>\n                                                                Alors qu\u2019il y a eu des premi\u00e8res annonces fortes pour l\u2019ann\u00e9e prochaine, les Dragons Catalans ont une saison \u00e0 finir, avec notamment un gros d\u00e9placement \u00e0 Wigan ce vendredi (21\u00a0h).\n                            <\/p>\n<p>La semaine a \u00e9t\u00e9 sp\u00e9ciale chez les Dragons Catalans. Depuis la septi\u00e8me d\u00e9faite de la saison \u00e0 domicile contre Hull KR samedi dernier (6-34), beaucoup de choses se sont pass\u00e9es et ont \u00e9t\u00e9 dites. \u00c0 commencer par la nomination de Joel Tomkins \u00e0 la t\u00eate du sportif pour deux ann\u00e9es suppl\u00e9mentaires. C\u2019\u00e9tait un moment attendu, car cela va permettre au club de basculer officiellement sur 2026. Parce que, oui, cette saison 2025 n\u2019a plus r\u00e9ellement d\u2019int\u00e9r\u00eat sportif. Du moins, comptablement\u00a0: les Dragons (9es) ont neuf points de retard sur la sixi\u00e8me place et il faudrait plus qu\u2019un miracle pour arracher une qualification en phase finale.<\/p>\n<p class=\"std-elt__inline\">\n        <strong>\u00c0 lire aussi :<\/strong><br \/>\n        <a href=\"https:\/\/www.lindependant.fr\/2025\/07\/22\/les-dragons-catalans-officialise-joel-tomkins-comme-coach-pour-les-deux-prochaines-saisons-12839078.php\" rel=\"nofollow noopener\" target=\"_blank\">Rugby \u00e0 XIII : Bernard Guasch et les Dragons Catalans veulent \u00ab\u00a0repartir sur une page blanche\u00a0\u00bb<\/a>\n    <\/p>\n<p>L\u2019objectif est donc d\u2019essayer de terminer du mieux possible cette 19e saison en Super League. Le probl\u00e8me, c\u2019est que ce vendredi (21\u00a0h) c\u2019est un d\u00e9placement \u00e0 Wigan, double tenant du titre, qui se profile. Certes, les Warriors ne sont pas au top de leur forme (trois\u00a0d\u00e9faites sur les cinq derniers matches), mais cela reste redoutable pour des sang et or\u00a0qui n\u2019ont battu qu\u2019une seule fois une \u00e9quipe du top 6 cette saison (Leeds, 11-0, le 8\u00a0mars). \u00ab\u00a0J\u2019ai parl\u00e9 avec les joueurs cette semaine sur la motivation individuelle, explique Joel Tomkins, qui va vivre sa premi\u00e8re fois en tant que head coach dans son stade de toujours.\u00a0La motivation de tout le monde sera compl\u00e8tement diff\u00e9rente. Entre les joueurs qui arr\u00eatent en fin de saison, ceux qui s\u2019en vont, ceux qui ont prolong\u00e9\u2026 Tout le monde doit travailler sa propre motivation individuellement.\u00a0Pour moi, en tant que coach, la motivation est de finir la saison du\u00a0mieux possible. Nous devons am\u00e9liorer nos performances et commencer \u00e0 construire des fondations pour la prochaine saison.\u00a0\u00bb<\/p>\n<p>\u00a0<\/p>\n<p class=\"std-elt__inline\">\n        <strong>\u00c0 lire aussi :<\/strong><br \/>\n        <a href=\"https:\/\/www.lindependant.fr\/2025\/07\/23\/rugby-a-xiii-le-groupe-pour-le-deplacement-a-wigan-un-cadre-de-lequipe-prolonge-les-dernieres-infos-autour-des-dragons-catalans-12840586.php\" rel=\"nofollow noopener\" target=\"_blank\">Rugby \u00e0 XIII\u00a0: le groupe pour le d\u00e9placement \u00e0 Wigan, un cadre de l\u2019\u00e9quipe prolonge\u2026 Les derni\u00e8res infos autour des Dragons Catalans<\/a>\n    <\/p>\n<p>C\u2019est s\u00fbrement en ce sens que C\u00e9sar Roug\u00e9 est confort\u00e9 \u00e0 l\u2019ouverture, quand L\u00e9o Darr\u00e9latour retrouve une place de titulaire au centre, ou encore que Tevita Pangai Junior et Luke Keary ne figurent pas sur la feuille de match. Joel Tomkins ne compte pas faire dans la demi-mesure. Il sait d\u00e9j\u00e0 qui restera la saison prochaine et qui ne sera pas conserv\u00e9. Certains jouent leurs derniers matches avec les Dragons et en Super League. Pour eux, il y a un honneur \u00e0 sauver. \u00ab\u00a0Il faut trouver la motivation n\u00e9cessaire chacun de son c\u00f4t\u00e9 pour voir comment on veut finir la saison tous ensemble, confirme le pilier Julian Bousquet, qui a prolong\u00e9 pour une ann\u00e9e suppl\u00e9mentaire. On veut gagner le plus de matches possible. Apr\u00e8s, pour les joueurs qui vont rester au club, on veut montrer \u00e0 Joel\u00a0qu\u2019il pourra compter sur nous l\u2019ann\u00e9e prochaine. Je trouve que c\u2019est motivant pour tout le monde.\u00a0\u00bb<\/p>\n<p>Le pr\u00e9sident a parl\u00e9 au groupe ce jeudi soir<\/p>\n<p>En attendant, les joueurs ont eu un premier discours de motivation jeudi soir de la part du pr\u00e9sident Bernard Guasch. L\u2019homme fort du club catalan a fait le d\u00e9placement avec le groupe, puisque les dirigeants ont une r\u00e9union avec la RFL ce vendredi. \u00ab\u00a0Je vais aller parler aux joueurs jeudi avant le match de Wigan parce que nous, toutes les fins de mois, on est l\u00e0. On va payer douze mois. Et je vais simplement dire \u00e0 certains que quand ils ont les CV qu\u2019ils ont, ils se doivent de respecter les gens qui les entra\u00eenent et ceux qui les paient. Parce qu\u2019apr\u00e8s, il ne faudra pas venir pleurnicher\u00a0\u00bb, avait lanc\u00e9 le pr\u00e9sident, mardi en conf\u00e9rence de presse. Des mots forts, mais qui illustrent la d\u00e9ception d\u2019une saison manqu\u00e9e.<\/p>\n<p class=\"std-elt__inline\">\n        <strong>\u00c0 lire aussi :<\/strong><br \/>\n        <a href=\"https:\/\/www.lindependant.fr\/2025\/07\/22\/rugby-a-xiii-engage-frais-dispo-et-avec-des-idees-joel-tomkins-sera-lentraineur-des-dragons-catalans-jusquen-2027-12838566.php\" rel=\"nofollow noopener\" target=\"_blank\">Rugby \u00e0 XIII\u00a0: \u00ab\u00a0Engag\u00e9, frais, dispo et avec des id\u00e9es\u00a0\u00bb, Joel Tomkins sera l\u2019entra\u00eeneur des Dragons Catalans jusqu\u2019en 2027<\/a>\n    <\/p>\n<p>D\u00e9sormais, Bernard Guasch et les Dragons Catalans esp\u00e8rent ne pas revivre, \u00e0 Wigan, pareilles d\u00e9faites qu\u2019\u00e0 Hull KR (68-6), Wakefield (44-6), St-Helens (40-0) ou encore contre ces m\u00eames Warriors il y a deux mois \u00e0 Brutus (0-48). Les sang et or ont besoin de montrer de l\u2019orgueil, car seul le\u00a0caract\u00e8re ne suffira pas.<\/p>\n","protected":false},"excerpt":{"rendered":"Alors qu\u2019il y a eu des premi\u00e8res annonces fortes pour l\u2019ann\u00e9e prochaine, les Dragons Catalans ont une saison&hellip;\n","protected":false},"author":2,"featured_media":274058,"comment_status":"","ping_status":"","sticky":false,"template":"","format":"standard","meta":{"footnotes":""},"categories":[1416],"tags":[1011,27,479,1468,60],"class_list":{"0":"post-274057","1":"post","2":"type-post","3":"status-publish","4":"format-standard","5":"has-post-thumbnail","7":"category-rugby","8":"tag-fr","9":"tag-france","10":"tag-rugby","11":"tag-rugby-football","12":"tag-sports"},"share_on_mastodon":{"url":"https:\/\/pubeurope.com\/@fr\/114916806044187571","error":""},"_links":{"self":[{"href":"https:\/\/www.europesays.com\/fr\/wp-json\/wp\/v2\/posts\/274057","targetHints":{"allow":["GET"]}}],"collection":[{"href":"https:\/\/www.europesays.com\/fr\/wp-json\/wp\/v2\/posts"}],"about":[{"href":"https:\/\/www.europesays.com\/fr\/wp-json\/wp\/v2\/types\/post"}],"author":[{"embeddable":true,"href":"https:\/\/www.europesays.com\/fr\/wp-json\/wp\/v2\/users\/2"}],"replies":[{"embeddable":true,"href":"https:\/\/www.europesays.com\/fr\/wp-json\/wp\/v2\/comments?post=274057"}],"version-history":[{"count":0,"href":"https:\/\/www.europesays.com\/fr\/wp-json\/wp\/v2\/posts\/274057\/revisions"}],"wp:featuredmedia":[{"embeddable":true,"href":"https:\/\/www.europesays.com\/fr\/wp-json\/wp\/v2\/media\/274058"}],"wp:attachment":[{"href":"https:\/\/www.europesays.com\/fr\/wp-json\/wp\/v2\/media?parent=274057"}],"wp:term":[{"taxonomy":"category","embeddable":true,"href":"https:\/\/www.europesays.com\/fr\/wp-json\/wp\/v2\/categories?post=274057"},{"taxonomy":"post_tag","embeddable":true,"href":"https:\/\/www.europesays.com\/fr\/wp-json\/wp\/v2\/tags?post=274057"}],"curies":[{"name":"wp","href":"https:\/\/api.w.org\/{rel}","templated":true}]}}