{"id":27406,"date":"2025-04-15T19:50:19","date_gmt":"2025-04-15T19:50:19","guid":{"rendered":"https:\/\/www.europesays.com\/fr\/27406\/"},"modified":"2025-04-15T19:50:19","modified_gmt":"2025-04-15T19:50:19","slug":"le-vendeur-de-cigarettes-met-ses-doigts-dans-les-yeux-du-policier-pour-lui-echapper","status":"publish","type":"post","link":"https:\/\/www.europesays.com\/fr\/27406\/","title":{"rendered":"le vendeur de cigarettes met ses doigts dans les yeux du policier pour lui \u00e9chapper"},"content":{"rendered":"<p>\t\t\t\t\t\t\t\t\t\t\t<img loading=\"lazy\" decoding=\"async\" width=\"1110\" title=\"Pr\u00e8s de Grenoble : le vendeur de cigarettes met ses doigts dans les yeux du policier pour lui \u00e9chapper\" class=\"img-fluid not_lzld mb-3\" src=\"https:\/\/www.europesays.com\/fr\/wp-content\/uploads\/2025\/04\/1110x624_pres-de-grenoble-le-dealer-met-ses-doigts-dans-les-yeux-du-policier-pour-lui-echapper_67fe5\" alt=\"Pr\u00e8s de Grenoble : le vendeur de cigarettes met ses doigts dans les yeux du policier pour lui \u00e9chapper\" itemprop=\"image\" height=\"624\"\/>\t\t\t\t\t\t\t\t\t\t\t\t<\/p>\n<p>Pr\u00e8s de Grenoble : le dealer met ses doigts dans les yeux du policier pour lui \u00e9chapper &#8211; DR<\/p>\n<p itemprop=\"description\"><strong>A Echirolles, des policiers ont crois\u00e9 la route d&rsquo;un individu bien connu de la police dans la nuit de lundi \u00e0 mardi.<\/strong><\/p>\n<p>Le jeune homme \u00e9tait en train de vendre des cigarettes de contrebande sur l&rsquo;avenue des Etats-G\u00e9n\u00e9raux. De plus, les forces de l&rsquo;ordre savaient qu&rsquo;une r\u00e9cente d\u00e9cision de justice lui interdisait de se rendre \u00e0 Echirolles.<\/p>\n<p>La course-poursuite s&rsquo;est vite termin\u00e9e. Juch\u00e9 sur une moto, le fuyard a \u00e9t\u00e9 rattrap\u00e9 par l&rsquo;un des policiers qui a \u00e9t\u00e9 tra\u00een\u00e9 sur plusieurs m\u00e8tres avant de parvenir \u00e0 le faire chuter.<\/p>\n<p>Mais le jeune de 23 ans \u00e9tait d\u00e9termin\u00e9 \u00e0 leur \u00e9chapper et a plant\u00e9 ses doigts dans les yeux du fonctionnaire. Lorsqu&rsquo;un second agent est intervenu, il a re\u00e7u un violent coup de t\u00eate.<\/p>\n<p>Le reste de la patrouille a \u00e9t\u00e9 suffisamment nombreux pour le ma\u00eetriser et le conduire en garde \u00e0 vue selon le Dauphin\u00e9 Lib\u00e9r\u00e9.<\/p>\n<p>Les policiers n&rsquo;ont toutefois pas pu saisir la moto \u00e9lectrique, car des jeunes du quartier de la Butte ont fait diversion pour la r\u00e9cup\u00e9rer.<\/p>\n<p>Les agents bless\u00e9s ont obtenu 3 jours d&rsquo;ITT, ils devraient porter plainte.<\/p>\n","protected":false},"excerpt":{"rendered":"Pr\u00e8s de Grenoble : le dealer met ses doigts dans les yeux du policier pour lui \u00e9chapper &#8211;&hellip;\n","protected":false},"author":2,"featured_media":27407,"comment_status":"","ping_status":"","sticky":false,"template":"","format":"standard","meta":{"footnotes":""},"categories":[9566],"tags":[1111,11,7733,8279,2430,7736,650,7734,2889,2263,1777,674,1011,27,2731,8280,6417,1114,108,4662,12,3725,1825,25,7737],"class_list":{"0":"post-27406","1":"post","2":"type-post","3":"status-publish","4":"format-standard","5":"has-post-thumbnail","7":"category-grenoble","8":"tag-actu","9":"tag-actualites","10":"tag-alpes","11":"tag-alpes1","12":"tag-auvergne-rhone-alpes","13":"tag-cds","14":"tag-cinema","15":"tag-ecoute","16":"tag-emission","17":"tag-equipe","18":"tag-eu","19":"tag-europe","20":"tag-fr","21":"tag-france","22":"tag-grenoble","23":"tag-haute","24":"tag-information","25":"tag-infos","26":"tag-isere","27":"tag-journal","28":"tag-news","29":"tag-podcast","30":"tag-radio","31":"tag-republique-francaise","32":"tag-winamp"},"share_on_mastodon":{"url":"https:\/\/pubeurope.com\/@fr\/114343721304097797","error":""},"_links":{"self":[{"href":"https:\/\/www.europesays.com\/fr\/wp-json\/wp\/v2\/posts\/27406","targetHints":{"allow":["GET"]}}],"collection":[{"href":"https:\/\/www.europesays.com\/fr\/wp-json\/wp\/v2\/posts"}],"about":[{"href":"https:\/\/www.europesays.com\/fr\/wp-json\/wp\/v2\/types\/post"}],"author":[{"embeddable":true,"href":"https:\/\/www.europesays.com\/fr\/wp-json\/wp\/v2\/users\/2"}],"replies":[{"embeddable":true,"href":"https:\/\/www.europesays.com\/fr\/wp-json\/wp\/v2\/comments?post=27406"}],"version-history":[{"count":0,"href":"https:\/\/www.europesays.com\/fr\/wp-json\/wp\/v2\/posts\/27406\/revisions"}],"wp:featuredmedia":[{"embeddable":true,"href":"https:\/\/www.europesays.com\/fr\/wp-json\/wp\/v2\/media\/27407"}],"wp:attachment":[{"href":"https:\/\/www.europesays.com\/fr\/wp-json\/wp\/v2\/media?parent=27406"}],"wp:term":[{"taxonomy":"category","embeddable":true,"href":"https:\/\/www.europesays.com\/fr\/wp-json\/wp\/v2\/categories?post=27406"},{"taxonomy":"post_tag","embeddable":true,"href":"https:\/\/www.europesays.com\/fr\/wp-json\/wp\/v2\/tags?post=27406"}],"curies":[{"name":"wp","href":"https:\/\/api.w.org\/{rel}","templated":true}]}}