{"id":274062,"date":"2025-07-26T00:57:14","date_gmt":"2025-07-26T00:57:14","guid":{"rendered":"https:\/\/www.europesays.com\/fr\/274062\/"},"modified":"2025-07-26T00:57:14","modified_gmt":"2025-07-26T00:57:14","slug":"red-bull-est-entre-dans-une-nouvelle-ere-apres-le-depart-de-christian-horner-et-max-verstappen-le-vit-bien-lequipe","status":"publish","type":"post","link":"https:\/\/www.europesays.com\/fr\/274062\/","title":{"rendered":"Red Bull est entr\u00e9 dans une nouvelle \u00e8re apr\u00e8s le d\u00e9part de Christian Horner&#8230; et Max Verstappen le vit bien &#8211; L&#039;\u00c9quipe"},"content":{"rendered":"<ol>\n<li><a href=\"https:\/\/news.google.com\/rss\/articles\/CBMiswFBVV95cUxQQ201cDkyVGZ2eEZPR1AyTXBRVGg4c0tPYmZJS0NFbGw2YkV4b2c0S19HSUQ1Tko5LXM1MENRNkFqeTFDUzczSThGZkdZa3ZUN1p3SFBkYTRaWXU5aFRJckgyenA3TTVFYnNDX3pYRVZ1dU5TenRBS2xPem9DUDlkYnZGVXdWTlZpVFdxZmpZRXhxYVVtY0hpbF9hUmtrNkVxOVhWZUdTS1prSjA0Q3libE9UWQ?oc=5\" target=\"_blank\" rel=\"nofollow noopener\">Red Bull est entr\u00e9 dans une nouvelle \u00e8re apr\u00e8s le d\u00e9part de Christian Horner&#8230; et Max Verstappen le vit bien<\/a>&nbsp;&nbsp;L&rsquo;\u00c9quipe<\/li>\n<li><a href=\"https:\/\/news.google.com\/rss\/articles\/CBMi5AFBVV95cUxOUktTMjZJWFVCOHo1WEh0b19DaTlpQm5qNUIzMlVIMHU4TnoyeGtXRjlsang0TVRyWmxMN1gxLThtN3ozcVJGMWJPWEpjSlA4Rm8yY2RSdklZaG5GVkQ1cGdWSHVHNmtvbjlWYlQ2QjdVdEhtN19ZYVhNeWdES0lzd2Rmb1llUS1Yb3kxZWZEYzJwV2hKNUJNcDROTnU0UnJ0X3RtN3FUYjlXUDV4aHZIT1h2UDAyQ0pxMnUxNlpHNHFWNkVUektNWF80blduUFZ3aDdiYV9YNlp5OGh0aXVhX2FqOWw?oc=5\" target=\"_blank\" rel=\"nofollow noopener\">Formule 1: \u00ab\u00a0Je me suis dit &lsquo;ok'\u00a0\u00bb, la r\u00e9action laconique de Verstappen au licenciement de Horner<\/a>&nbsp;&nbsp;RMC Sport<\/li>\n<li><a href=\"https:\/\/news.google.com\/rss\/articles\/CBMinwFBVV95cUxQcWdBckxEYlJlWFNPRTdZa2hFR0RKeTgyS09DbnpWNk1LWUNVeXpocXl5LTdVaklIOHJBX282eFFvUVJ0dlM0ZkhHNFZFUFAwdEUxMzFveVlVMWVlb0JEWUt2Vk90OTNFLUhvQ0tiZ3ctbmVHWXdxREJKWjJpaVR0c0QtbW9zMjdGenFidmVBWm1ITlZ4VWYySnhWazJxSGs?oc=5\" target=\"_blank\" rel=\"nofollow noopener\">Max Verstappen brise le silence sur le d\u00e9part de Horner<\/a>&nbsp;&nbsp;f1i.autojournal.fr<\/li>\n<li><a href=\"https:\/\/news.google.com\/rss\/articles\/CBMi_gFBVV95cUxOWlgwNVk5Z05HbHRpM0xlRmZ3aDVIMGY4WS1PczF5T1NrOXU1YXhrX3pSVWRZc0ZnMUxDYW9XTHg2ODNodUkyVmxLZ0V4WGowWUlwOGNzYTl3aXk3c3RSeTlDOGVoMzNGUU1UZVhjUndxWmx6R1h6SFB2dVM4TEhUWGxRbm5jNlRxZU53amtCbDBXTVVoM3dyMklZRThwaThxdHZxOS15VklKT0gyVUpNQXNmd2xpUDZ5QlNSNDRxV3N2ZHY0WnJUaU9jaG8ycGtnNjNyTmJ3Skk0XzZ6SlNpenRaTzhaLUI2UHN3YjU4SzV1cHJuako4Y1dybEhrZw?oc=5\" target=\"_blank\" rel=\"nofollow noopener\">F1. \u00ab OK \u00bb : la r\u00e9action laconique de Max Verstappen \u00e0 l\u2019\u00e9viction de Chris Horner<\/a>&nbsp;&nbsp;Ouest-France<\/li>\n<li><a href=\"https:\/\/news.google.com\/rss\/articles\/CBMipwFBVV95cUxOay1FemRrSWg1endCbjZjSzNVcVpfTDExQ2wzSjZ6bG9icVpiSlFLQ0FRN1dOT1Ztd2ZoS0dTR05QczNFbW9WVkg1WmdNTEp4TjZhVUZPUS1qSll0bUpaVFA3YndJa0tNcF94QW1ub2NLRVA4ckhfaFpmaXZEVmZHckN3QVNua25SS3J1dTRSY3JkNFFKUG41U0ozTFpXTG5kdUExd3RIWQ?oc=5\" target=\"_blank\" rel=\"nofollow noopener\">Choc et tristesse, l&rsquo;historique ing\u00e9nieur en chef de Red Bull sur l&rsquo;\u00e9viction d&rsquo;Horner<\/a>&nbsp;&nbsp;Motorsport.com<\/li>\n<\/ol>\n","protected":false},"excerpt":{"rendered":"Red Bull est entr\u00e9 dans une nouvelle \u00e8re apr\u00e8s le d\u00e9part de Christian Horner&#8230; et Max Verstappen le&hellip;\n","protected":false},"author":2,"featured_media":274063,"comment_status":"","ping_status":"","sticky":false,"template":"","format":"standard","meta":{"footnotes":""},"categories":[1412],"tags":[1451,1452,1453,1454,1455,1011,27,60],"class_list":{"0":"post-274062","1":"post","2":"type-post","3":"status-publish","4":"format-standard","5":"has-post-thumbnail","7":"category-f1","8":"tag-f1","9":"tag-formula-1","10":"tag-formula1","11":"tag-formule-1","12":"tag-formule1","13":"tag-fr","14":"tag-france","15":"tag-sports"},"share_on_mastodon":{"url":"https:\/\/pubeurope.com\/@fr\/114916821861046191","error":""},"_links":{"self":[{"href":"https:\/\/www.europesays.com\/fr\/wp-json\/wp\/v2\/posts\/274062","targetHints":{"allow":["GET"]}}],"collection":[{"href":"https:\/\/www.europesays.com\/fr\/wp-json\/wp\/v2\/posts"}],"about":[{"href":"https:\/\/www.europesays.com\/fr\/wp-json\/wp\/v2\/types\/post"}],"author":[{"embeddable":true,"href":"https:\/\/www.europesays.com\/fr\/wp-json\/wp\/v2\/users\/2"}],"replies":[{"embeddable":true,"href":"https:\/\/www.europesays.com\/fr\/wp-json\/wp\/v2\/comments?post=274062"}],"version-history":[{"count":0,"href":"https:\/\/www.europesays.com\/fr\/wp-json\/wp\/v2\/posts\/274062\/revisions"}],"wp:featuredmedia":[{"embeddable":true,"href":"https:\/\/www.europesays.com\/fr\/wp-json\/wp\/v2\/media\/274063"}],"wp:attachment":[{"href":"https:\/\/www.europesays.com\/fr\/wp-json\/wp\/v2\/media?parent=274062"}],"wp:term":[{"taxonomy":"category","embeddable":true,"href":"https:\/\/www.europesays.com\/fr\/wp-json\/wp\/v2\/categories?post=274062"},{"taxonomy":"post_tag","embeddable":true,"href":"https:\/\/www.europesays.com\/fr\/wp-json\/wp\/v2\/tags?post=274062"}],"curies":[{"name":"wp","href":"https:\/\/api.w.org\/{rel}","templated":true}]}}