{"id":274067,"date":"2025-07-26T01:00:12","date_gmt":"2025-07-26T01:00:12","guid":{"rendered":"https:\/\/www.europesays.com\/fr\/274067\/"},"modified":"2025-07-26T01:00:12","modified_gmt":"2025-07-26T01:00:12","slug":"guerre-familiale-chez-les-beckham-elton-john-appele-en-renfort-dans-un-decor-paradisiaque","status":"publish","type":"post","link":"https:\/\/www.europesays.com\/fr\/274067\/","title":{"rendered":"Guerre familiale chez les Beckham : Elton John appel\u00e9 en renfort dans un d\u00e9cor paradisiaque"},"content":{"rendered":"<p>La <a href=\"https:\/\/www.closermag.fr\/people\/guerre-chez-les-beckham-brooklyn-tend-la-main-a-sa-famille-pour-la-premiere-fois-depuis-des-mois-3559022\" target=\"_blank\" rel=\"noopener\"><br \/>\nguerre familiale chez les Beckham<\/a> dure depuis plusieurs mois<br \/>\nmaintenant. Une triste situation qui a commenc\u00e9 \u00e0 prendre de<br \/>\nl\u2019ampleur apr\u00e8s l\u2019absence de <strong>Brooklyn Beckham<\/strong> et<br \/>\nde sa femme, <strong>Nicola Peltz<\/strong>, aux c\u00e9l\u00e9brations des 50<br \/>\nans de <a href=\"https:\/\/www.closermag.fr\/people\/david-beckham-a-peine-sorti-de-lhopital-il-fait-une-infidelite-a-victoria-3559888\" target=\"_blank\" rel=\"noopener\"><br \/>\nDavid Beckham<\/a>, en mai dernier. Malheureusement, le temps n\u2019a<br \/>\npas suffi pour arranger les choses puisque le gouffre semble s\u2019\u00eatre<br \/>\nagrandi.<\/p>\n<p>La situation est telle que la pr\u00e9sence de m\u00e9diateur est devenue<br \/>\nindispensable. Ce r\u00f4le, <a href=\"https:\/\/www.telestar.fr\/programme-tv\/fiche\/156253043\/elton-john-la-veritable-histoire-de-rocket-man\" target=\"_blank\" rel=\"noopener\"><br \/>\nElton John<\/a> l\u2019a volontiers accept\u00e9. Notons que l\u2019artiste<br \/>\nl\u00e9gendaire est ami avec la famille Beckham depuis pr\u00e8s de 30 ans<br \/>\nmaintenant. Il est donc compr\u00e9hensible qu\u2019il veuille aider afin<br \/>\nd\u2019<strong>instaurer la paix<\/strong> dans la famille. D\u2019ailleurs,<br \/>\nle chanteur de Can you feel the love tonight l\u2019a fait dans<br \/>\nun cadre paradisiaque, \u00e0 Saint-Tropez.\u00a0\u00a0<\/p>\n<p>Guerre familiale chez les Beckham : Elton John, un m\u00e9diateur<br \/>\nneutre !<\/p>\n<p><strong>Elton John<\/strong> a r\u00e9cemment invit\u00e9 <strong>Brooklyn<br \/>\nBeckham<\/strong> et <a href=\"https:\/\/www.closermag.fr\/people\/guerre-familiale-chez-les-beckham-la-femme-de-brooklyn-nicola-peltz-annonce-une-heureuse-nouvelle-3565683\" target=\"_blank\" rel=\"noopener\"><br \/>\nNicola Peltz<\/a> \u00e0 un d\u00e9jeuner chic au club de plage chic de La<br \/>\nGuerite \u00e0 Saint-Tropez. Selon The Sun, l\u2019artiste de 78 ans<br \/>\naurait bri\u00e8vement parl\u00e9 de la querelle familiale au couple. Cela<br \/>\ndans l\u2019espoir que le fils a\u00een\u00e9 de <a href=\"https:\/\/www.closermag.fr\/people\/cest-horrible-victime-dun-desastre-capillaire-david-beckham-subit-les-moqueries-de-sa-femme-victoria-3565442\" target=\"_blank\" rel=\"noopener\"><br \/>\nVictoria et David Beckham<\/a> se r\u00e9concilie avec sa famille.<\/p>\n<blockquote class=\"twitter-tweet\"><p><a class=\"twitter-link\" rel=\"noindex, nofollow noopener\" href=\"https:\/\/twitter.com\/MirrorCeleb\/status\/1948648657240117430\" target=\"_blank\"><\/p><\/blockquote>\n<p>\u00ab\u00a0Elton est l&rsquo;\u00e9quivalent de la Suisse dans le showbiz. Il<br \/>\nest <strong>totalement neutre<\/strong> dans cette<br \/>\ndispute\u00a0\u00bb, a d\u00e9clar\u00e9 une source au m\u00e9dia sur le sujet. Les mots<br \/>\ndu chanteur ont visiblement \u00e9t\u00e9 entendu par l\u2019a\u00een\u00e9 du clan Beckham.<br \/>\nApr\u00e8s tout, les deux hommes ont \u00e9t\u00e9 vus en train de <strong>se<br \/>\nserrer la main<\/strong> sur des photos partag\u00e9es sur les r\u00e9seaux<br \/>\nsociaux.<\/p>\n<p>Guerre familiale chez les Beckham :<br \/>\nElton John veut seulement la paix !<\/p>\n<p>Toujours selon la source : \u00ab\u00a0Elton, autrefois, prenait<br \/>\npeut-\u00eatre plaisir \u00e0 prendre parti, en l&rsquo;occurrence celui de<br \/>\n<strong>son jeune filleul<\/strong>, <a href=\"https:\/\/www.closermag.fr\/people\/brooklyn-beckham-et-nicola-peltz-ils-demolissent-le-travail-dun-celebre-architecte-dans-leur-manoir-hors-de-prix-3563384\" target=\"_blank\" rel=\"noopener\"><br \/>\nBrooklyn<\/a>, mais deux ans avant ses 80 ans, c&rsquo;est un<br \/>\nhomme qui a tout vu et tout fait. Il veut simplement que tout le<br \/>\nmonde soit heureux\u00a0\u00bb. L\u2019initi\u00e9 a soulign\u00e9 le fait<br \/>\nqu\u2019<strong>Elton John<\/strong> ne prenait ni le parti de<br \/>\n<strong>Brooklyn Beckham<\/strong>, ni celui de <strong>Victoria et<br \/>\nDavid Beckham<\/strong>.<\/p>\n<blockquote class=\"twitter-tweet\"><p><a class=\"twitter-link\" rel=\"noindex, nofollow noopener\" href=\"https:\/\/twitter.com\/Zicutake\/status\/1947979625247772981\" target=\"_blank\"><\/p><\/blockquote>\n<p>\u00ab\u00a0Elton et David pensent que la situation est terriblement<br \/>\ntriste et ont gentiment sugg\u00e9r\u00e9 \u00e0 toutes les personnes concern\u00e9es<br \/>\nque la vie est courte \u2013 pour arranger les choses\u00a0\u00bb, a ajout\u00e9 la<br \/>\nsource en concluant avec le fait que l\u2019artiste ne voulait que la<br \/>\npaix.<\/p>\n<p><script async src=\"https:\/\/platform.twitter.com\/widgets.js\" charset=\"utf-8\"><\/script><\/p>\n","protected":false},"excerpt":{"rendered":"La guerre familiale chez les Beckham dure depuis plusieurs mois maintenant. Une triste situation qui a commenc\u00e9 \u00e0&hellip;\n","protected":false},"author":2,"featured_media":274068,"comment_status":"","ping_status":"","sticky":false,"template":"","format":"standard","meta":{"footnotes":""},"categories":[1359],"tags":[548,58,3509,59,1011,27,973],"class_list":{"0":"post-274067","1":"post","2":"type-post","3":"status-publish","4":"format-standard","5":"has-post-thumbnail","7":"category-people","8":"tag-article-simple","9":"tag-divertissement","10":"tag-elton-john","11":"tag-entertainment","12":"tag-fr","13":"tag-france","14":"tag-people"},"share_on_mastodon":{"url":"https:\/\/pubeurope.com\/@fr\/114916833653366351","error":""},"_links":{"self":[{"href":"https:\/\/www.europesays.com\/fr\/wp-json\/wp\/v2\/posts\/274067","targetHints":{"allow":["GET"]}}],"collection":[{"href":"https:\/\/www.europesays.com\/fr\/wp-json\/wp\/v2\/posts"}],"about":[{"href":"https:\/\/www.europesays.com\/fr\/wp-json\/wp\/v2\/types\/post"}],"author":[{"embeddable":true,"href":"https:\/\/www.europesays.com\/fr\/wp-json\/wp\/v2\/users\/2"}],"replies":[{"embeddable":true,"href":"https:\/\/www.europesays.com\/fr\/wp-json\/wp\/v2\/comments?post=274067"}],"version-history":[{"count":0,"href":"https:\/\/www.europesays.com\/fr\/wp-json\/wp\/v2\/posts\/274067\/revisions"}],"wp:featuredmedia":[{"embeddable":true,"href":"https:\/\/www.europesays.com\/fr\/wp-json\/wp\/v2\/media\/274068"}],"wp:attachment":[{"href":"https:\/\/www.europesays.com\/fr\/wp-json\/wp\/v2\/media?parent=274067"}],"wp:term":[{"taxonomy":"category","embeddable":true,"href":"https:\/\/www.europesays.com\/fr\/wp-json\/wp\/v2\/categories?post=274067"},{"taxonomy":"post_tag","embeddable":true,"href":"https:\/\/www.europesays.com\/fr\/wp-json\/wp\/v2\/tags?post=274067"}],"curies":[{"name":"wp","href":"https:\/\/api.w.org\/{rel}","templated":true}]}}