{"id":274069,"date":"2025-07-26T01:01:15","date_gmt":"2025-07-26T01:01:15","guid":{"rendered":"https:\/\/www.europesays.com\/fr\/274069\/"},"modified":"2025-07-26T01:01:15","modified_gmt":"2025-07-26T01:01:15","slug":"joy-et-noemie-remportent-le-premier-concours-photos-etalondes-insolite","status":"publish","type":"post","link":"https:\/\/www.europesays.com\/fr\/274069\/","title":{"rendered":"Joy et No\u00e9mie remportent le premier concours photos \u00ab \u00c9talondes insolite \u00bb"},"content":{"rendered":"<p>            Par<br \/>\n        <strong><br \/>\n            <a href=\"https:\/\/actu.fr\/auteur\/augustin-thibouw\" title=\"Consulter tous les articles de Augustin Thibouw\" rel=\"nofollow noopener\" target=\"_blank\">Augustin Thibouw<\/a><br \/>\n        <\/strong><\/p>\n<p>        Publi\u00e9 le<\/p>\n<p>            24 juil. 2025 \u00e0 12h12        <\/p>\n<p>Le prix de la plus belle photo est attribu\u00e9 \u00e0\u2026 Vendredi 18 juillet, les quelques participants du concours photos \u00ab <b>\u00c9talondes insolite<\/b> \u00bb \u00e9taient invit\u00e9s \u00e0 la mairie pour la remise des prix.<\/p>\n<p class=\" wall-content\">Cette grande premi\u00e8re, a d\u00e9marr\u00e9 par une animation de pr\u00e9sentation de la photographie, des appareils et du concept du concours au d\u00e9but du mois d\u2019avril.<\/p>\n<p class=\" wall-content\">Ensuite, les participants ont eu un mois pour immortaliser la plus belle sc\u00e8ne possible dans <a href=\"https:\/\/actu.fr\/normandie\/etalondes_76252\" rel=\"nofollow noopener\" target=\"_blank\">\u00c9talondes <\/a>(Seine-Maritime).<\/p>\n<p class=\" wall-content\">C\u2019est ainsi que huit clich\u00e9s ont \u00e9t\u00e9 expos\u00e9s \u00e0 la <b>m\u00e9diath\u00e8que Anne Le Prince<\/b>, du 27 mai au 28 juin, afin que les visiteurs puissent les observer attentivement et voter pour leur photo pr\u00e9f\u00e9r\u00e9e.<\/p>\n<p class=\" wall-content\">Les concurrents \u00e9taient d\u00e9partag\u00e9s selon deux cat\u00e9gories : la cat\u00e9gorie <b>adulte <\/b>et la cat\u00e9gorie <b>enfant <\/b>de 8 \u00e0 17 ans.<\/p>\n<p>Vid\u00e9os : en ce moment sur Actu<\/p>\n<p class=\" wall-content\">\u00ab M\u00eame si nous n\u2019avons pas eu beaucoup de photos, nous pouvons dire que le concours a plu et int\u00e9ress\u00e9 puisqu\u2019il y a tout de m\u00eame soixante-deux votes \u00bb, se r\u00e9jouit <b>B\u00e9atrice Gillard<\/b>, vice-Pr\u00e9sidente de la Commission Culture, patrimoine communal. \u00ab On se doutait, d\u00e8s le lancement, que cette premi\u00e8re \u00e9dition serait une \u00e9dition de rodage et de prise de contact \u00bb, a ajout\u00e9 <b>Jean-Marc Gillet<\/b>, le maire. \u00ab Assur\u00e9ment, le concours photos a plu \u00bb.<\/p>\n<blockquote class=\"ac-article-quote wall-content\">\n<p>Surprise, mais contente<\/p>\n<\/blockquote>\n<p class=\" wall-content\">Les deux grandes gagnantes de cette premi\u00e8re \u00e9dition sont <b>Joy Gourlain<\/b>, chez les adultes, et <b>No\u00e9mie Delaby<\/b> dans la cat\u00e9gorie enfant.<\/p>\n<p class=\" wall-content\">\u00c0 l\u2019issue de cette remise o\u00f9 toutes deux, comme les trois premiers de chaque cat\u00e9gorie, sont repartis avec un livre offert par la municipalit\u00e9, se sont dit \u00ab surprise, mais contente \u00bb de remporter cette premi\u00e8re \u00e9dition.<\/p>\n<p class=\" wall-content\">La photo de No\u00e9mie repr\u00e9sente un rouge-gorge sur le b\u00e9ton \u00c9talonndais. Joy a, elle, choisi le patrimoine de la commune et a pris l\u2019\u00e9glise en photo \u00e0 travers les lettres \u00c9talondes, grav\u00e9es dans les piqu\u00e9s en m\u00e9tal au bord de la route du centre bourg.<\/p>\n<p>    <img   decoding=\"async\" loading=\"lazy\" class=\"size-large\" src=\"https:\/\/www.europesays.com\/fr\/wp-content\/uploads\/2025\/07\/bab3a5cc7f786aeb3a5cc7f7872c3av-960x640.jpg\" alt=\"Les gagnants du concours photo \" insolite=\"\" ont=\"\" d=\"\" vendredi=\"\" juillet=\"\" la=\"\" mairie.=\"\" width=\"960\" height=\"640\"\/><br \/>\n    Les gagnants du concours photo \u00ab\u00a0\u00c9talondes insolite\u00a0\u00bb ont \u00e9t\u00e9 d\u00e9voil\u00e9s vendredi 18 juillet \u00e0 la mairie. \u00a9Augustin Thibouw<\/p>\n<p class=\" wall-content\">Une dizaine de clich\u00e9s ont \u00e9t\u00e9 class\u00e9s hors concours, soit puisqu\u2019il s\u2019agissait de photographes faisant partie de l\u2019\u00e9quipe municipale, soit parce que les clich\u00e9s ont \u00e9t\u00e9 d\u00e9pos\u00e9s trop tard.<\/p>\n<p class=\" wall-content\">Suivez toute l\u2019actualit\u00e9 de vos villes et m\u00e9dias favoris en vous inscrivant \u00e0 <a href=\"https:\/\/moncompte.actu.fr\" title=\"D\u00e9couvez Mon Actu\" rel=\"nofollow noopener\" data-trk=\"{&quot;cta&quot;:{&quot;action&quot;:&quot;https:\\\/\\\/moncompte.actu.fr&quot;,&quot;category&quot;:&quot;mon compte&quot;,&quot;from&quot;:&quot;article footer&quot;,&quot;name&quot;:&quot;Mon actu&quot;,&quot;type&quot;:&quot;cta&quot;}}\" target=\"_blank\">Mon Actu<\/a>.<\/p>\n","protected":false},"excerpt":{"rendered":"Par Augustin Thibouw Publi\u00e9 le 24 juil. 2025 \u00e0 12h12 Le prix de la plus belle photo est&hellip;\n","protected":false},"author":2,"featured_media":274070,"comment_status":"","ping_status":"","sticky":false,"template":"","format":"standard","meta":{"footnotes":""},"categories":[1358],"tags":[1063,1348,1384,1385,1386,58,59,1011,27,1756,104],"class_list":{"0":"post-274069","1":"post","2":"type-post","3":"status-publish","4":"format-standard","5":"has-post-thumbnail","7":"category-arts-et-design","8":"tag-animations","9":"tag-arts","10":"tag-arts-and-design","11":"tag-arts-et-design","12":"tag-design","13":"tag-divertissement","14":"tag-entertainment","15":"tag-fr","16":"tag-france","17":"tag-photographie","18":"tag-societe"},"share_on_mastodon":{"url":"https:\/\/pubeurope.com\/@fr\/114916837548486194","error":""},"_links":{"self":[{"href":"https:\/\/www.europesays.com\/fr\/wp-json\/wp\/v2\/posts\/274069","targetHints":{"allow":["GET"]}}],"collection":[{"href":"https:\/\/www.europesays.com\/fr\/wp-json\/wp\/v2\/posts"}],"about":[{"href":"https:\/\/www.europesays.com\/fr\/wp-json\/wp\/v2\/types\/post"}],"author":[{"embeddable":true,"href":"https:\/\/www.europesays.com\/fr\/wp-json\/wp\/v2\/users\/2"}],"replies":[{"embeddable":true,"href":"https:\/\/www.europesays.com\/fr\/wp-json\/wp\/v2\/comments?post=274069"}],"version-history":[{"count":0,"href":"https:\/\/www.europesays.com\/fr\/wp-json\/wp\/v2\/posts\/274069\/revisions"}],"wp:featuredmedia":[{"embeddable":true,"href":"https:\/\/www.europesays.com\/fr\/wp-json\/wp\/v2\/media\/274070"}],"wp:attachment":[{"href":"https:\/\/www.europesays.com\/fr\/wp-json\/wp\/v2\/media?parent=274069"}],"wp:term":[{"taxonomy":"category","embeddable":true,"href":"https:\/\/www.europesays.com\/fr\/wp-json\/wp\/v2\/categories?post=274069"},{"taxonomy":"post_tag","embeddable":true,"href":"https:\/\/www.europesays.com\/fr\/wp-json\/wp\/v2\/tags?post=274069"}],"curies":[{"name":"wp","href":"https:\/\/api.w.org\/{rel}","templated":true}]}}