{"id":274073,"date":"2025-07-26T01:03:21","date_gmt":"2025-07-26T01:03:21","guid":{"rendered":"https:\/\/www.europesays.com\/fr\/274073\/"},"modified":"2025-07-26T01:03:21","modified_gmt":"2025-07-26T01:03:21","slug":"une-semaine-seulement-apres-son-arrivee-pierre-yves-noubliez-pas-les-paroles-franchit-un-cap-important-dans-le-jeu-de-nagui-jusquou-ira-le-nouveau-maestro","status":"publish","type":"post","link":"https:\/\/www.europesays.com\/fr\/274073\/","title":{"rendered":"Une semaine seulement apr\u00e8s son arriv\u00e9e, Pierre-Yves (N&rsquo;oubliez pas les paroles) franchit un cap important dans le jeu de Nagui, jusqu&rsquo;o\u00f9 ira le nouveau maestro ?"},"content":{"rendered":"<p>53 000 euros de gains et 14 victoires apr\u00e8s seulement une semaine de pr\u00e9sence dans N&rsquo;oubliez pas les paroles. Mais jusqu&rsquo;o\u00f9 ira Pierre-Yves, le nouveau maestro \u00e2g\u00e9 de 25 ans ? Ce dessinateur de bande dessin\u00e9s s&rsquo;est confi\u00e9 sur ses gains cons\u00e9quents en si peu de temps ce vendredi 25 juillet.<\/p>\n<p>Il vous rappelle peut-\u00eatre <a href=\"https:\/\/www.programme-tv.net\/news\/tv\/371161-il-est-temps-que-les-746-000-euros-arrivent-benoit-n-oubliez-pas-les-paroles-impatient-de-recevoir-ses-gains-sur-son-compte-en-banque\/\" data-api-deeplink=\"teleloisirs:\/\/news\/371161\" rel=\"nofollow noopener\" target=\"_blank\">Beno\u00eet<\/a>, Kevin ou Laurens ou m\u00eame Kristofer. Ces quatre-l\u00e0 ont pour point commun d&rsquo;avoir excell\u00e9 \u00e0 N&rsquo;oubliez pas les paroles<a href=\"https:\/\/www.programme-tv.net\/news\/tv\/211400-kevin-le-plus-grand-maestro-de-noubliez-pas-les-paroles-elimine-jai-eu-un-mauvais-pressentiment\/\" data-api-deeplink=\"teleloisirs:\/\/news\/211400\" rel=\"nofollow noopener\" target=\"_blank\"> ces sept derni\u00e8res ann\u00e9es<\/a>. Pierre-Yves n&rsquo;est pas en reste. <a href=\"https:\/\/www.programme-tv.net\/news\/tv\/384025-nagui-bluffe-par-l-accent-du-maestro-pierre-yves-dans-n-oubliez-pas-les-paroles-il-le-compare-a-un-celebre-acteur\/\" data-api-deeplink=\"teleloisirs:\/\/news\/384025\" rel=\"nofollow noopener\" target=\"_blank\">Nouveau maestro dans l&rsquo;\u00e9mission<\/a> anim\u00e9e par Nagui depuis le 18 juillet, ce dessinateur de bandes dessin\u00e9es est \u00e2g\u00e9 de 25 ans. Celui qui avait particip\u00e9 deux autres fois au jeu sans grand succ\u00e8s est parvenu cette ann\u00e9e \u00e0 franchir plusieurs paliers. Apr\u00e8s avoir remport\u00e9 sa premi\u00e8re finale \u00e0 20 000 euros et d\u00e9pass\u00e9 le seuil des 10 victoires, le Lyonnais a d\u00e9bloqu\u00e9 une nouvelle somme ce vendredi.<\/p>\n<p>Pierre-Yves (N&rsquo;oubliez pas les paroles) se confie sur ses gains apr\u00e8s avoir d\u00e9pass\u00e9 le cap des 50 000 euros en une semaine de participation<\/p>\n<p>Une semaine seulement apr\u00e8s avoir fait son (grand) retour sur le plateau, Pierre-Yves a atteint le cap symbolique des 50 000 euros de gains au terme de la premi\u00e8re \u00e9mission ce 25 juillet gr\u00e2ce \u00e0 une chanson de <a href=\"https:\/\/www.programme-tv.net\/biographie\/6206-hardy-francoise\/\" data-link-people=\"46eaaa95-ea4c-44f8-ad68-3266e34f33a8\" rel=\"nofollow noopener\" target=\"_blank\">Fran\u00e7oise Hardy<\/a> : L&rsquo;Amiti\u00e9. Un morceau qu&rsquo;il connaissait suffisamment bien pour ajouter 10 000 euros \u00e0 sa cagnotte qui affichait 53 000 euros \u00e0 la fin du programme. Des chiffres fous qui font un peu perdre la t\u00eate \u00e0 ce r\u00eaveur passionn\u00e9 de plantes. \u00ab\u00a0En fait, je r\u00e9alise \u00e0 peine. D\u00e9j\u00e0 \u00e0 10 000 euros, j\u2019\u00e9tais fou. C\u2019est ce palier-l\u00e0 qui m\u2019a le plus marqu\u00e9. J\u2019avais tent\u00e9 une chanson que je ne ma\u00eetrisais pas bien, et j\u2019ai retrouv\u00e9 les paroles \u00e0 la derni\u00e8re seconde. <b>Je suis illustrateur freelance, donc ce gain va vraiment me soulager financi\u00e8rement<\/b>\u00ab\u00a0, a avou\u00e9<a href=\"https:\/\/www.programme-tv.net\/news\/tv\/384010-je-me-suis-fait-virer-le-maestro-pierre-yves-noubliez-pas-les-paroles-explique-comment-il-sest-lance-dans-son-metier-de-dessinateur\/\" data-api-deeplink=\"teleloisirs:\/\/news\/384010\" rel=\"nofollow noopener\" target=\"_blank\"> le gar\u00e7on qui a \u00e9t\u00e9 vir\u00e9 de son pr\u00e9c\u00e9dent poste<\/a>. Ce soir, cette nouvelle \u00e9tape ne l&rsquo;a donc pas tant chamboul\u00e9. \u00c0 nos confr\u00e8res de<a href=\"https:\/\/www.programme-television.org\/news\/tv\/emissions-tele\/n-oubliez-pas-les-paroles-france-2-j-etais-dans-l-euphorie-pierre-yves-franchit-un-cap-symbolique-exclu-4743502\" rel=\"nofollow noopener\" target=\"_blank\"> T\u00e9l\u00e9 7 jours<\/a>, le jeune homme confie dans un rire : \u00ab\u00a0C\u2019est paradoxal\u2026 <b>Les premiers 10 000 m\u2019ont marqu\u00e9. Ensuite, j\u2019\u00e9tais dans l\u2019euphorie.<\/b> C\u2019est surtout le plaisir de rester dans le jeu qui me motive car j&rsquo;esp\u00e8re tomber sur une chanson de <a href=\"https:\/\/www.programme-tv.net\/biographie\/13146-dion-celine\/\" data-link-people=\"2d276218-2898-44fb-9739-5e391ae09223\" rel=\"nofollow noopener\" target=\"_blank\">C\u00e9line Dion<\/a> ou de Starmania, que j\u2019adore\u00a0\u00bb.<\/p>\n<p>                        Pierre-Yves (N&rsquo;oubliez pas les paroles) en route pour les Masters ?<\/p>\n<p>Avec autant d&rsquo;aisance et l&rsquo;esprit l\u00e9ger, Pierre-Yves peut monter tr\u00e8s haut dans<a href=\"https:\/\/www.programme-tv.net\/news\/tv\/92792-qui-sont-les-15-plus-grands-gagnants-de-n-oubliez-pas-les-paroles-sur-france-2\/\" data-api-deeplink=\"teleloisirs:\/\/news\/92792\" rel=\"nofollow noopener\" target=\"_blank\"> le classement des meilleurs candidats<\/a>. Des personnalit\u00e9s qu&rsquo;il pourrait d&rsquo;ailleurs prochainement rencontrer gr\u00e2ce au tour pr\u00e9liminaire des <a href=\"https:\/\/www.programme-tv.net\/news\/tv\/364551-n-oubliez-pas-les-paroles-qui-a-gagne-les-masters-2024\/\" data-api-deeplink=\"teleloisirs:\/\/news\/364551\" rel=\"nofollow noopener\" target=\"_blank\">Masters<\/a>, qui ouvre la voie \u00e0 la comp\u00e9tition annuelle lucrative.<\/p>\n","protected":false},"excerpt":{"rendered":"53 000 euros de gains et 14 victoires apr\u00e8s seulement une semaine de pr\u00e9sence dans N&rsquo;oubliez pas les&hellip;\n","protected":false},"author":2,"featured_media":274074,"comment_status":"","ping_status":"","sticky":false,"template":"","format":"standard","meta":{"footnotes":""},"categories":[1356],"tags":[244,58,59,1011,27,594,22678,31009,10477,252,1364,1421],"class_list":{"0":"post-274073","1":"post","2":"type-post","3":"status-publish","4":"format-standard","5":"has-post-thumbnail","7":"category-television","8":"tag-commentaire","9":"tag-divertissement","10":"tag-entertainment","11":"tag-fr","12":"tag-france","13":"tag-france-2","14":"tag-maestro","15":"tag-noubliez-pas-les-paroles","16":"tag-nagui","17":"tag-television","18":"tag-tv","19":"tag-zap"},"share_on_mastodon":{"url":"https:\/\/pubeurope.com\/@fr\/114916845436072010","error":""},"_links":{"self":[{"href":"https:\/\/www.europesays.com\/fr\/wp-json\/wp\/v2\/posts\/274073","targetHints":{"allow":["GET"]}}],"collection":[{"href":"https:\/\/www.europesays.com\/fr\/wp-json\/wp\/v2\/posts"}],"about":[{"href":"https:\/\/www.europesays.com\/fr\/wp-json\/wp\/v2\/types\/post"}],"author":[{"embeddable":true,"href":"https:\/\/www.europesays.com\/fr\/wp-json\/wp\/v2\/users\/2"}],"replies":[{"embeddable":true,"href":"https:\/\/www.europesays.com\/fr\/wp-json\/wp\/v2\/comments?post=274073"}],"version-history":[{"count":0,"href":"https:\/\/www.europesays.com\/fr\/wp-json\/wp\/v2\/posts\/274073\/revisions"}],"wp:featuredmedia":[{"embeddable":true,"href":"https:\/\/www.europesays.com\/fr\/wp-json\/wp\/v2\/media\/274074"}],"wp:attachment":[{"href":"https:\/\/www.europesays.com\/fr\/wp-json\/wp\/v2\/media?parent=274073"}],"wp:term":[{"taxonomy":"category","embeddable":true,"href":"https:\/\/www.europesays.com\/fr\/wp-json\/wp\/v2\/categories?post=274073"},{"taxonomy":"post_tag","embeddable":true,"href":"https:\/\/www.europesays.com\/fr\/wp-json\/wp\/v2\/tags?post=274073"}],"curies":[{"name":"wp","href":"https:\/\/api.w.org\/{rel}","templated":true}]}}