{"id":274079,"date":"2025-07-26T01:06:23","date_gmt":"2025-07-26T01:06:23","guid":{"rendered":"https:\/\/www.europesays.com\/fr\/274079\/"},"modified":"2025-07-26T01:06:23","modified_gmt":"2025-07-26T01:06:23","slug":"un-cas-autochtone-de-dengue-signale-a-belley","status":"publish","type":"post","link":"https:\/\/www.europesays.com\/fr\/274079\/","title":{"rendered":"un cas autochtone de dengue signal\u00e9 \u00e0 Belley"},"content":{"rendered":"<p>Un nouveau cas de dengue aurait \u00e9t\u00e9 d\u00e9tect\u00e9 sur le territoire de la r\u00e9gion Auvergne Rh\u00f4ne-Alpes. Apr\u00e8s deux cas signal\u00e9s dans la Loire, l\u2019Agence r\u00e9gionale de sant\u00e9 a re\u00e7u, le 21 juillet, le signalement pour la suspicion d\u2019un cas \u00e0 Belley.<\/p>\n<p>Les pr\u00e9l\u00e8vements qui sont en cours d\u2019analyse par le Centre national de r\u00e9f\u00e9rence des arbovirus permettront de d\u00e9terminer si le cas est av\u00e9r\u00e9. S\u2019il \u00e9tait confirm\u00e9, il s\u2019agirait du premier dans l\u2019Ain.<\/p>\n<p>A Belley, l\u2019Entente interd\u00e9partement Rh\u00f4ne-Alpes pour la d\u00e9moustication pr\u00e9voit une op\u00e9ration dans la nuit de ce jeudi 24 juillet au vendredi 25 juillet.<\/p>\n<p>\u00a0Pour rappel, on parle de cas autochtone quand une personne a contract\u00e9 la maladie sans avoir voyag\u00e9 dans la zone contamin\u00e9e dans les 15 jours pr\u00e9c\u00e9dant l\u2019apparition des sympt\u00f4mes. La dengue se transmet de personne \u00e0 personne par l\u2019interm\u00e9diaire de la piq\u00fbre d\u2019un moustique tigre, lui-m\u00eame infect\u00e9 par le virus.<\/p>\n<p>Dans la r\u00e9gion, entre le 1er mai et le 21 juillet, 97 cas de dengue import\u00e9s ont \u00e9t\u00e9 enregistr\u00e9s dont neuf dans l\u2019Ain.<\/p>\n","protected":false},"excerpt":{"rendered":"Un nouveau cas de dengue aurait \u00e9t\u00e9 d\u00e9tect\u00e9 sur le territoire de la r\u00e9gion Auvergne Rh\u00f4ne-Alpes. Apr\u00e8s deux&hellip;\n","protected":false},"author":2,"featured_media":274080,"comment_status":"","ping_status":"","sticky":false,"template":"","format":"standard","meta":{"footnotes":""},"categories":[10],"tags":[2738,17014,3312,107,1011,27,72,71],"class_list":{"0":"post-274079","1":"post","2":"type-post","3":"status-publish","4":"format-standard","5":"has-post-thumbnail","7":"category-sante","8":"tag-ain","9":"tag-belley","10":"tag-edition-ain-est","11":"tag-fil-info","12":"tag-fr","13":"tag-france","14":"tag-health","15":"tag-sante"},"share_on_mastodon":{"url":"https:\/\/pubeurope.com\/@fr\/114916857332342008","error":""},"_links":{"self":[{"href":"https:\/\/www.europesays.com\/fr\/wp-json\/wp\/v2\/posts\/274079","targetHints":{"allow":["GET"]}}],"collection":[{"href":"https:\/\/www.europesays.com\/fr\/wp-json\/wp\/v2\/posts"}],"about":[{"href":"https:\/\/www.europesays.com\/fr\/wp-json\/wp\/v2\/types\/post"}],"author":[{"embeddable":true,"href":"https:\/\/www.europesays.com\/fr\/wp-json\/wp\/v2\/users\/2"}],"replies":[{"embeddable":true,"href":"https:\/\/www.europesays.com\/fr\/wp-json\/wp\/v2\/comments?post=274079"}],"version-history":[{"count":0,"href":"https:\/\/www.europesays.com\/fr\/wp-json\/wp\/v2\/posts\/274079\/revisions"}],"wp:featuredmedia":[{"embeddable":true,"href":"https:\/\/www.europesays.com\/fr\/wp-json\/wp\/v2\/media\/274080"}],"wp:attachment":[{"href":"https:\/\/www.europesays.com\/fr\/wp-json\/wp\/v2\/media?parent=274079"}],"wp:term":[{"taxonomy":"category","embeddable":true,"href":"https:\/\/www.europesays.com\/fr\/wp-json\/wp\/v2\/categories?post=274079"},{"taxonomy":"post_tag","embeddable":true,"href":"https:\/\/www.europesays.com\/fr\/wp-json\/wp\/v2\/tags?post=274079"}],"curies":[{"name":"wp","href":"https:\/\/api.w.org\/{rel}","templated":true}]}}