{"id":27408,"date":"2025-04-15T19:51:25","date_gmt":"2025-04-15T19:51:25","guid":{"rendered":"https:\/\/www.europesays.com\/fr\/27408\/"},"modified":"2025-04-15T19:51:25","modified_gmt":"2025-04-15T19:51:25","slug":"melesse-fete-des-classes-5-le-comite-dorganisation-constitue","status":"publish","type":"post","link":"https:\/\/www.europesays.com\/fr\/27408\/","title":{"rendered":"Melesse. F\u00eate des classes 5 : le comit\u00e9 d\u2019organisation constitu\u00e9"},"content":{"rendered":"<p>Cette tradition fran\u00e7aise remonte \u00e0 l\u2019\u00e9poque du tirage au sort des conscrits. Les gens de 20\u00a0ans, en habit noir et gibus, faisaient la f\u00eate avant leur d\u00e9part sous les drapeaux. Pour que perdure cette tradition, le comit\u00e9 d\u2019organisation s\u2019est constitu\u00e9. <strong>\u00ab\u00a0La f\u00eate se d\u00e9roulera le 4\u00a0octobre au restaurant Le Quincampoix\u00a0\u00bb<\/strong>, annonce Pascal Riot, pr\u00e9sident.<\/p>\n<p>On peut d\u00e9j\u00e0 noter ce traditionnel rendez-vous. Les billets seront prochainement mis en vente dans les commerces du centre-ville. Petit rappel\u00a0: <strong>\u00ab\u00a0Cela concerne les personnes natives d\u2019une ann\u00e9e se terminant par 5, n\u00e9es ou qui habitent dans la commune.\u00a0\u00bb<\/strong> Au programme, la messe \u00e0 11\u00a0h pr\u00e9c\u00e9dera le traditionnel d\u00e9p\u00f4t de gerbe aux monuments aux morts et la photo souvenir prise \u00e0 12\u00a0h\u00a015. Place ensuite aux festivit\u00e9s qui d\u00e9buteront \u00e0 13\u00a0h au restaurant. \u00c0 20\u00a0h, bal des classes 5.<\/p>\n<p>\u00a0<\/p>\n","protected":false},"excerpt":{"rendered":"Cette tradition fran\u00e7aise remonte \u00e0 l\u2019\u00e9poque du tirage au sort des conscrits. Les gens de 20\u00a0ans, en habit&hellip;\n","protected":false},"author":2,"featured_media":27409,"comment_status":"","ping_status":"","sticky":false,"template":"","format":"standard","meta":{"footnotes":""},"categories":[2821],"tags":[9638,1111,11,829,9637,9639,9641,1777,674,4768,1011,27,9113,12,9640,3086,584,25],"class_list":{"0":"post-27408","1":"post","2":"type-post","3":"status-publish","4":"format-standard","5":"has-post-thumbnail","7":"category-rennes","8":"tag-9638","9":"tag-actu","10":"tag-actualites","11":"tag-bretagne","12":"tag-classes","13":"tag-comite","14":"tag-constitue","15":"tag-eu","16":"tag-europe","17":"tag-fete","18":"tag-fr","19":"tag-france","20":"tag-melesse","21":"tag-news","22":"tag-organisation","23":"tag-redon","24":"tag-rennes","25":"tag-republique-francaise"},"share_on_mastodon":{"url":"https:\/\/pubeurope.com\/@fr\/114343725371685885","error":""},"_links":{"self":[{"href":"https:\/\/www.europesays.com\/fr\/wp-json\/wp\/v2\/posts\/27408","targetHints":{"allow":["GET"]}}],"collection":[{"href":"https:\/\/www.europesays.com\/fr\/wp-json\/wp\/v2\/posts"}],"about":[{"href":"https:\/\/www.europesays.com\/fr\/wp-json\/wp\/v2\/types\/post"}],"author":[{"embeddable":true,"href":"https:\/\/www.europesays.com\/fr\/wp-json\/wp\/v2\/users\/2"}],"replies":[{"embeddable":true,"href":"https:\/\/www.europesays.com\/fr\/wp-json\/wp\/v2\/comments?post=27408"}],"version-history":[{"count":0,"href":"https:\/\/www.europesays.com\/fr\/wp-json\/wp\/v2\/posts\/27408\/revisions"}],"wp:featuredmedia":[{"embeddable":true,"href":"https:\/\/www.europesays.com\/fr\/wp-json\/wp\/v2\/media\/27409"}],"wp:attachment":[{"href":"https:\/\/www.europesays.com\/fr\/wp-json\/wp\/v2\/media?parent=27408"}],"wp:term":[{"taxonomy":"category","embeddable":true,"href":"https:\/\/www.europesays.com\/fr\/wp-json\/wp\/v2\/categories?post=27408"},{"taxonomy":"post_tag","embeddable":true,"href":"https:\/\/www.europesays.com\/fr\/wp-json\/wp\/v2\/tags?post=27408"}],"curies":[{"name":"wp","href":"https:\/\/api.w.org\/{rel}","templated":true}]}}