{"id":274081,"date":"2025-07-26T01:07:18","date_gmt":"2025-07-26T01:07:18","guid":{"rendered":"https:\/\/www.europesays.com\/fr\/274081\/"},"modified":"2025-07-26T01:07:18","modified_gmt":"2025-07-26T01:07:18","slug":"kylian-mbappe-repond-cash-au-canard-enchaine-selon-qui-il-avait-refuse-de-porter-la-flamme-olympique","status":"publish","type":"post","link":"https:\/\/www.europesays.com\/fr\/274081\/","title":{"rendered":"Kylian Mbapp\u00e9 r\u00e9pond cash au \u00ab\u00a0Canard Encha\u00een\u00e9\u00a0\u00bb selon qui il avait refus\u00e9 de porter la flamme olympique"},"content":{"rendered":"<p>        <img decoding=\"async\" loading=\"lazy\" src=\"https:\/\/www.europesays.com\/fr\/wp-content\/uploads\/2025\/07\/d6ddaa5_1729151125584-000-36hv7y4.jpg\"  width=\"728\" height=\"409\" alt=\"Kylian Mbapp\u00e9 r\u00e9pond cash au \u00ab\u00a0Canard Encha\u00een\u00e9\u00a0\u00bb selon qui il avait refus\u00e9 de porter la flamme olympique. (image d\u2019illustration)\"\/>  <\/p>\n<p>SAMEER AL-DOUMY \/ AFP<\/p>\n<p>Kylian Mbapp\u00e9 r\u00e9pond cash au \u00ab\u00a0Canard Encha\u00een\u00e9\u00a0\u00bb selon qui il avait refus\u00e9 de porter la flamme olympique. (image d\u2019illustration)<\/p>\n<p class=\"asset asset-text\">FOOTBALL &#8211; Il pr\u00e9f\u00e8re en rire, mais ne se prive pas de r\u00e9pondre. <a href=\"https:\/\/www.huffingtonpost.fr\/justice\/article\/kylian-mbappe-accuse-d-avoir-fait-des-cheques-suspicieux-a-des-policiers-une-enquete-ouverte-a-paris_252723.html\" target=\"_blank\" rel=\"noopener\">Kylian Mbapp\u00e9<\/a> a d\u00e9menti une information du <a href=\"https:\/\/www.huffingtonpost.fr\/politique\/article\/eric-lombard-repond-au-canard-enchaine-qui-l-accuse-d-avoir-sous-evalue-son-patrimoine_251496.html\" target=\"_blank\" rel=\"noopener\">Canard Encha\u00een\u00e9<\/a> dans un message tr\u00e8s cash publi\u00e9 sur X ce vendredi 25\u00a0juillet. Le journal avait mis en cause le capitaine de l\u2019\u00e9quipe de France de football dans un article titr\u00e9 \u00ab\u00a0Mbapp\u00e9 avait la flemme olympique\u00a0\u00bb et paru dans son \u00e9dition de mercredi.<\/p>\n<p class=\"asset asset-text\">L\u2019hebdomadaire a assur\u00e9 que le footballeur avait d\u00e9clin\u00e9 l\u2019invitation de Tony Estanguet pour participer \u00e0 la <a href=\"https:\/\/www.huffingtonpost.fr\/justice\/article\/c-est-sorti-comme-ca-au-proces-du-cyberharcelement-de-thomas-jolly-l-impulsivite-comme-ligne-de-defense_247045.html\" target=\"_blank\" rel=\"noopener\" title=\"Nouvelle fen\u00eatre\">c\u00e9r\u00e9monie d\u2019ouverture<\/a> des Jeux Olympiques de Paris 2024. D\u2019apr\u00e8s <a href=\"https:\/\/www.lecanardenchaine.fr\/sport\/51429-mbappe-avait-la-flemme-olympique\" target=\"_blank\" rel=\"noopener\" title=\"Nouvelle fen\u00eatre\">Le Canard Encha\u00een\u00e9<\/a>, Kylian Mbapp\u00e9 avait refus\u00e9 d\u2019\u00eatre le porteur masqu\u00e9 de la flamme olympique lors de la c\u00e9r\u00e9monie suivie par \u00ab\u00a0environ 5\u00a0milliards\u00a0\u00bb de t\u00e9l\u00e9spectateurs selon le Comit\u00e9 international olympique.<\/p>\n<p class=\"asset asset-text\">\u00ab\u00a0Kylian Mbapp\u00e9 [\u2026] a d\u00e9clin\u00e9 la proposition, formul\u00e9e par [<a href=\"https:\/\/www.huffingtonpost.fr\/economie\/article\/ce-rapport-de-la-cour-des-comptes-sur-les-depenses-des-jo-de-paris-2024-crispe-tony-estanguet_251684.html\" target=\"_blank\" rel=\"noopener\">Tony] Estanguet<\/a> lui-m\u00eame, de brandir la torche sur quelques m\u00e8tres\u00a0\u00bb, est-il \u00e9crit dans l\u2019article, qui assure que c\u2019est parce qu\u2019\u00ab\u00a0il n\u2019aurait pas \u00e9t\u00e9 le dernier porteur \u2013 prestige qui, pensait-il, devait lui revenir\u00a0\u00bb, mais a \u00e9t\u00e9 accord\u00e9 \u00e0 Teddy Riner et \u00e0 Marie-Jos\u00e9 P\u00e9rec.<\/p>\n<p>    Plus un probl\u00e8me de \u00ab\u00a0vacances\u00a0\u00bb que d\u2019ego, assure Mbapp\u00e9    <\/p>\n<p class=\"asset asset-text\">L\u00e9ger probl\u00e8me\u00a0: ce r\u00e9cit est compl\u00e8tement remis en cause par le capitaine de l\u2019\u00e9quipe de France. \u00ab\u00a0MDR. Vous avez oubli\u00e9 de dire que je voulais aussi \u00eatre le meneur de l\u2019\u00e9quipe de France de Basket je pense\u2026\u00a0\u00bb, a-t-il ironis\u00e9 dans son message sur X et <strong>que vous pouvez voir ci-dessous<\/strong>. Le sportif a ensuite donn\u00e9 sa version de l\u2019histoire\u2026 un peu moins sensationnelle.<\/p>\n<p> La lecture de ce contenu est susceptible d\u2019entra\u00eener un d\u00e9p\u00f4t de cookies de la part de l\u2019op\u00e9rateur tiers qui l\u2019h\u00e9berge. Compte-tenu des choix que vous avez exprim\u00e9s en mati\u00e8re de d\u00e9p\u00f4t de cookies, nous avons bloqu\u00e9 l\u2019affichage de ce contenu. Si vous souhaitez y acc\u00e9der, vous devez accepter la cat\u00e9gorie de cookies \u201cContenus tiers\u201d en cliquant sur le bouton ci-dessous. <\/p>\n<p> Lire la Vid\u00e9o        <\/p>\n<p class=\"asset asset-text\">\u00ab\u00a0J\u2019\u00e9tais juste au calme en vacances \u00e0 l\u2019autre bout du globe, a \u00e9crit le joueur, aucune raison d\u2019\u00eatre dernier porteur de flamme vu que je n\u2019ai aucune histoire avec les JO\u00a0\u00bb. Un message teint\u00e9 d\u2019humour et assorti d\u2019un des nombreux GIFs [une image anim\u00e9e ndlr.] du footballeur circulant sur internet et o\u00f9 il consulte un plan l\u2019air dubitatif.<\/p>\n","protected":false},"excerpt":{"rendered":"SAMEER AL-DOUMY \/ AFP Kylian Mbapp\u00e9 r\u00e9pond cash au \u00ab\u00a0Canard Encha\u00een\u00e9\u00a0\u00bb selon qui il avait refus\u00e9 de porter&hellip;\n","protected":false},"author":2,"featured_media":274082,"comment_status":"","ping_status":"","sticky":false,"template":"","format":"standard","meta":{"footnotes":""},"categories":[9],"tags":[41363,63,1011,27,7941,6477,38342,517,60],"class_list":{"0":"post-274081","1":"post","2":"type-post","3":"status-publish","4":"format-standard","5":"has-post-thumbnail","7":"category-sports","8":"tag-ceremonie-d-ouverture","9":"tag-football","10":"tag-fr","11":"tag-france","12":"tag-jo-paris-2024","13":"tag-kylian-mbappe","14":"tag-le-canard-enchaine","15":"tag-sport","16":"tag-sports"},"share_on_mastodon":{"url":"https:\/\/pubeurope.com\/@fr\/114916861140925951","error":""},"_links":{"self":[{"href":"https:\/\/www.europesays.com\/fr\/wp-json\/wp\/v2\/posts\/274081","targetHints":{"allow":["GET"]}}],"collection":[{"href":"https:\/\/www.europesays.com\/fr\/wp-json\/wp\/v2\/posts"}],"about":[{"href":"https:\/\/www.europesays.com\/fr\/wp-json\/wp\/v2\/types\/post"}],"author":[{"embeddable":true,"href":"https:\/\/www.europesays.com\/fr\/wp-json\/wp\/v2\/users\/2"}],"replies":[{"embeddable":true,"href":"https:\/\/www.europesays.com\/fr\/wp-json\/wp\/v2\/comments?post=274081"}],"version-history":[{"count":0,"href":"https:\/\/www.europesays.com\/fr\/wp-json\/wp\/v2\/posts\/274081\/revisions"}],"wp:featuredmedia":[{"embeddable":true,"href":"https:\/\/www.europesays.com\/fr\/wp-json\/wp\/v2\/media\/274082"}],"wp:attachment":[{"href":"https:\/\/www.europesays.com\/fr\/wp-json\/wp\/v2\/media?parent=274081"}],"wp:term":[{"taxonomy":"category","embeddable":true,"href":"https:\/\/www.europesays.com\/fr\/wp-json\/wp\/v2\/categories?post=274081"},{"taxonomy":"post_tag","embeddable":true,"href":"https:\/\/www.europesays.com\/fr\/wp-json\/wp\/v2\/tags?post=274081"}],"curies":[{"name":"wp","href":"https:\/\/api.w.org\/{rel}","templated":true}]}}