{"id":274083,"date":"2025-07-26T01:08:11","date_gmt":"2025-07-26T01:08:11","guid":{"rendered":"https:\/\/www.europesays.com\/fr\/274083\/"},"modified":"2025-07-26T01:08:11","modified_gmt":"2025-07-26T01:08:11","slug":"luc-besson-tombe-dans-le-coma-la-revelation-choc","status":"publish","type":"post","link":"https:\/\/www.europesays.com\/fr\/274083\/","title":{"rendered":"Luc Besson \u00ab\u00a0tomb\u00e9 dans le coma\u00a0\u00bb, la r\u00e9v\u00e9lation choc"},"content":{"rendered":"<p>      R\u00e9sum\u00e9<\/p>\n<p>Luc Besson, apr\u00e8s des d\u00e9cennies d\u2019une carri\u00e8re intense, a r\u00e9v\u00e9l\u00e9 avoir fr\u00f4l\u00e9 la mort \u00e0 plusieurs reprises en tombant dans le coma par \u00e9puisement, une exp\u00e9rience qui a chang\u00e9 sa vision de la vie.<\/p>\n<p>        Sommaire<\/p>\n<p><strong>Ce mercredi 30 juillet, Luc Besson est de retour<\/strong>. Le cin\u00e9aste de 66 ans propose un tout nouveau film fantastique franco-britannique, adapt\u00e9 du roman Dracula de Bram Stoker. Au casting de ce film au budget pharaonique de 45 millions d&rsquo;euros, Luc Besson a choisi <strong>Caleb Landry Jones<\/strong> pour interpr\u00e9ter le c\u00e9l\u00e8bre d\u00e9mon. Le pr\u00eatre, lui, sera incarn\u00e9 par Christoph Waltz, vu notamment dans Django Unchained. Au rang des Fran\u00e7ais, on retrouvera <strong>Raphael Luce<\/strong> et <a href=\"https:\/\/vsd.fr\/72653-guillaume-de-tonquedec-dans-une-boucle-temporelle-hilarante-avec-mon-jour-de-chance\/\" target=\"_blank\" rel=\"noopener\">Guillaume de Tonqu\u00e9dec<\/a>.<\/p>\n<p>En quarante-cinq ans de carri\u00e8re, Luc Besson ne s&rsquo;est jamais repos\u00e9. Comme il le r\u00e9v\u00e8le \u00e0 nos confr\u00e8res de RMC ce vendredi 25 juillet, le cin\u00e9aste a un CV exceptionnel : <strong>21 films r\u00e9alis\u00e9s, 75 films \u00e9crits, 127 films produits<\/strong>. Parmi ses plus grands succ\u00e8s, on peut citer Le grand bleu, Subway, Nikita, L\u00e9on, Le cinqui\u00e8me \u00e9l\u00e9ment, Jeanne d&rsquo;Arc ou encore Lucy et Arthur et les Minimoys. Un emploi du temps surcharg\u00e9, <strong>qui l&rsquo;a \u00e9loign\u00e9 de ses enfants<\/strong>, mais qui l&rsquo;a aussi mis en danger. <\/p>\n<p>Deux-trois comas heureusement sans cons\u00e9quences<\/p>\n<p>En effet, comme Luc Besson le r\u00e9v\u00e8le aux Grandes Gueules, sa sant\u00e9 a \u00e9t\u00e9 mise \u00e0 rude \u00e9preuve. \u00c9puis\u00e9 par la somme de travail qu&rsquo;il s&rsquo;est inflig\u00e9e pendant des d\u00e9cennies, Luc Besson a bien failli y laisser sa peau. L&rsquo;homme de cin\u00e9ma <strong>est tomb\u00e9 \u00e0 \u00ab\u00a0deux-trois\u00a0\u00bb reprises dans le coma<\/strong>, par \u00e9puisement. Des confidences chocs, qu&rsquo;il n&rsquo;avait jamais faites jusqu&rsquo;alors&#8230;<\/p>\n<p>\u00ab\u00a0Je suis quelqu&rsquo;un qui donne beaucoup pour mes films. <strong>Il m&rsquo;est arriv\u00e9 deux-trois fois de tomber dans le coma tellement j&rsquo;\u00e9tais fatigu\u00e9<\/strong>\u00a0\u00bb a ainsi d\u00e9clar\u00e9 Luc Besson. Heureusement, les comas ont \u00e9t\u00e9 sans cons\u00e9quence majeure, et le cin\u00e9aste s&rsquo;est toujours r\u00e9veill\u00e9. Mais ils lui ont donn\u00e9 une belle le\u00e7on de vie : <strong>celle de moins en faire, pour mieux faire<\/strong>.<\/p>\n<p>Luc Besson, une vie pour le cin\u00e9ma<\/p>\n<p>\u00ab\u00a0\u00c0 un moment donn\u00e9, mes enfants grandissaient et \u00e7a m&rsquo;a enlev\u00e9 du temps pour eux. <strong>C&rsquo;est ce que je ne referai pas, je laisserais plus de temps entre deux films<\/strong>\u00a0\u00bb regrette aujourd&rsquo;hui Luc Besson. Sa vie priv\u00e9e, qu&rsquo;il a longtemps l\u00e9s\u00e9e, est aujourd&rsquo;hui une priorit\u00e9. P\u00e8re de cinq enfants, le cin\u00e9aste a connu de nombreuses histoires d&rsquo;amour rat\u00e9es.<\/p>\n<p>Il a \u00e9t\u00e9 en couple avec <strong>Sophie Schmit<\/strong>, <a href=\"https:\/\/www.public.fr\/anne-parillaud-ses-terribles-confidences-sur-son-enfance-et-son-pere-incestueux\" target=\"_blank\" rel=\"noopener\">puis l&rsquo;actrice Anne Parillaud<\/a>, avec laquelle il a eu sa fille a\u00een\u00e9e, Juliette, n\u00e9e en 1987. Il a ensuite \u00e9pous\u00e9 en premi\u00e8res noces <strong>Ma\u00efwenn<\/strong>, alors que <a href=\"https:\/\/www.public.fr\/je-n-ai-pas-le-choix-maiwenn-unie-a-luc-besson-de-17-ans-son-cadet-alors-qu-elle-etait-mineure-une-video-choc-refait-surface-au-pire-moment\" target=\"_blank\" rel=\"noopener\">celle-ci \u00e9tait mineure<\/a>. Ils ont une fille ensemble, qu&rsquo;ils pr\u00e9nomment Shanna. Il rencontre sur le tournage du Cinqui\u00e8me \u00e9l\u00e9ment <strong>Milla Jovovich<\/strong>, qu&rsquo;il \u00e9pouse en secondes noces. Ils n&rsquo;auront pas d&rsquo;enfant.<\/p>\n<p>Pendant plus de vingt ans, il file le parfait amour en troisi\u00e8mes noces avec la productrice Virginie Silla. Ensemble, ils auront les trois derniers enfants du cin\u00e9aste : <strong>Thalia, 24 ans, Sateen, 22 ans, et Mao, 20 ans<\/strong>. Depuis quelques mois, <a href=\"https:\/\/www.public.fr\/luc-besson-et-sarah-saldmann-couple-inattendu-de-2025\" target=\"_blank\" rel=\"noopener\">il fr\u00e9quente l&rsquo;avocate m\u00e9diatique Sarah Saldmann<\/a>.<\/p>\n<p>      Mentionn\u00e9s dans cet article<\/p>\n<p>\u00c0 lire aussi<\/p>\n","protected":false},"excerpt":{"rendered":"R\u00e9sum\u00e9 Luc Besson, apr\u00e8s des d\u00e9cennies d\u2019une carri\u00e8re intense, a r\u00e9v\u00e9l\u00e9 avoir fr\u00f4l\u00e9 la mort \u00e0 plusieurs reprises&hellip;\n","protected":false},"author":2,"featured_media":274084,"comment_status":"","ping_status":"","sticky":false,"template":"","format":"standard","meta":{"footnotes":""},"categories":[8],"tags":[8982,58,59,1011,27,14990,71],"class_list":{"0":"post-274083","1":"post","2":"type-post","3":"status-publish","4":"format-standard","5":"has-post-thumbnail","7":"category-divertissement","8":"tag-coma","9":"tag-divertissement","10":"tag-entertainment","11":"tag-fr","12":"tag-france","13":"tag-luc-besson","14":"tag-sante"},"share_on_mastodon":{"url":"https:\/\/pubeurope.com\/@fr\/114916865223014022","error":""},"_links":{"self":[{"href":"https:\/\/www.europesays.com\/fr\/wp-json\/wp\/v2\/posts\/274083","targetHints":{"allow":["GET"]}}],"collection":[{"href":"https:\/\/www.europesays.com\/fr\/wp-json\/wp\/v2\/posts"}],"about":[{"href":"https:\/\/www.europesays.com\/fr\/wp-json\/wp\/v2\/types\/post"}],"author":[{"embeddable":true,"href":"https:\/\/www.europesays.com\/fr\/wp-json\/wp\/v2\/users\/2"}],"replies":[{"embeddable":true,"href":"https:\/\/www.europesays.com\/fr\/wp-json\/wp\/v2\/comments?post=274083"}],"version-history":[{"count":0,"href":"https:\/\/www.europesays.com\/fr\/wp-json\/wp\/v2\/posts\/274083\/revisions"}],"wp:featuredmedia":[{"embeddable":true,"href":"https:\/\/www.europesays.com\/fr\/wp-json\/wp\/v2\/media\/274084"}],"wp:attachment":[{"href":"https:\/\/www.europesays.com\/fr\/wp-json\/wp\/v2\/media?parent=274083"}],"wp:term":[{"taxonomy":"category","embeddable":true,"href":"https:\/\/www.europesays.com\/fr\/wp-json\/wp\/v2\/categories?post=274083"},{"taxonomy":"post_tag","embeddable":true,"href":"https:\/\/www.europesays.com\/fr\/wp-json\/wp\/v2\/tags?post=274083"}],"curies":[{"name":"wp","href":"https:\/\/api.w.org\/{rel}","templated":true}]}}