{"id":274087,"date":"2025-07-26T01:10:14","date_gmt":"2025-07-26T01:10:14","guid":{"rendered":"https:\/\/www.europesays.com\/fr\/274087\/"},"modified":"2025-07-26T01:10:14","modified_gmt":"2025-07-26T01:10:14","slug":"cest-quoi-ce-nouveau-numero-de-telephone-qui-vise-a-mettre-fin-aux-appels-descrocs","status":"publish","type":"post","link":"https:\/\/www.europesays.com\/fr\/274087\/","title":{"rendered":"c\u2019est quoi ce nouveau num\u00e9ro de t\u00e9l\u00e9phone qui vise \u00e0 mettre fin aux appels d\u2019escrocs\u00a0?"},"content":{"rendered":"<p>Un num\u00e9ro sp\u00e9cial pour rep\u00e9rer les <a href=\"https:\/\/www.20minutes.fr\/dossier\/escroquerie\" class=\"color-ultramarine c-link\" rel=\"nofollow noopener\" target=\"_blank\">escrocs<\/a>. C\u2019est ce que propose l\u2019<a href=\"https:\/\/www.20minutes.fr\/dossier\/arcep\" class=\"color-ultramarine c-link\" rel=\"nofollow noopener\" target=\"_blank\">Arcep<\/a> (Autorit\u00e9 de r\u00e9gulation des communications \u00e9lectroniques et des postes), \u00ab\u00a0le gendarme\u00a0\u00bb des t\u00e9l\u00e9coms, invitant \u00e0\u00a0<a href=\"https:\/\/www.arcep.fr\/actualites\/les-consultations-publiques\/reponse-a-la-consultation-publique.html?tx_gspublication_publication%5Baction%5D=form&amp;tx_gspublication_publication%5Bconsultation%5D=1057&amp;tx_gspublication_publication%5Bcontroller%5D=Formulaire&amp;cHash=0c058c2cb2ba993a853a4beffb08fe2f\" target=\"_blank\" class=\"color-ultramarine c-link\" rel=\"nofollow noopener\">une consultation publique<\/a> sur le sujet, rapporte <a href=\"https:\/\/www.bfmtv.com\/tech\/actualites\/telecoms\/grace-a-ce-nouveau-numero-on-va-pouvoir-mieux-identifier-les-escroqueries-par-telephone_AV-202507240401.html\" target=\"_blank\" class=\"color-ultramarine c-link\" rel=\"nofollow noopener\">BFM Tech &amp; Co<\/a>.<\/p>\n<p>\u00ab\u00a0De tr\u00e8s nombreux appels frauduleux utilisant un <a href=\"https:\/\/www.20minutes.fr\/societe\/4088530-20240426-arnaque-telephone-attention-escrocs-utilisent-aussi-numeros-06-07\" class=\"color-ultramarine c-link\" rel=\"nofollow noopener\" target=\"_blank\">num\u00e9ro mobile usurp\u00e9<\/a> arrivent en France depuis l\u2019\u00e9tranger sans \u00eatre filtr\u00e9s, faute pour les op\u00e9rateurs fran\u00e7ais de pouvoir les diff\u00e9rencier des appels l\u00e9gitimes \u00e9mis en itin\u00e9rance par des abonn\u00e9s fran\u00e7ais\u00a0\u00bb, <a href=\"https:\/\/www.arcep.fr\/actualites\/actualites-et-communiques\/detail\/n\/plan-de-numerotation-230725.html\" target=\"_blank\" class=\"color-ultramarine c-link\" rel=\"nofollow noopener\">explique l\u2019Arcep<\/a>. Pour y rem\u00e9dier, cette derni\u00e8re propose d\u2019afficher le num\u00e9ro\u00a099 99 99 99 99\u00a0lorsqu\u2019un appel pr\u00e9sentant un num\u00e9ro mobile fran\u00e7ais depuis l\u2019international n\u2019a pas pu \u00eatre authentifi\u00e9.<\/p>\n<p>\u00ab\u00a0\u00c9viter que de potentiels appels l\u00e9gitimes ne soient interrompus par les op\u00e9rateurs\u00a0\u00bb<\/p>\n<p>Cette alternative au blocage de certains num\u00e9ros permettrait \u00e9galement d&rsquo; \u00ab\u00a0\u00e9viter que de potentiels appels l\u00e9gitimes ne soient interrompus par les op\u00e9rateurs des utilisateurs appel\u00e9s tout en limitant les risques d\u2019usurpation\u00a0\u00bb, souligne l\u2019Arcep. Pour un\u00a0client\u00a0poss\u00e9dant plusieurs num\u00e9ros, \u00ab\u00a0l\u2019Arcep pr\u00e9voit que les op\u00e9rateurs doivent d\u00e9finir dans le contrat [\u2026] la liste des num\u00e9ros qu\u2019il peut utiliser\u00a0\u00bb.<\/p>\n<\/p>\n<p>Elle souhaite par ailleurs cr\u00e9er, dans le cadre de l\u2019article\u00a016 de la loi contre toutes les <a href=\"https:\/\/www.20minutes.fr\/dossier\/fraude\" class=\"color-ultramarine c-link\" rel=\"nofollow noopener\" target=\"_blank\">fraudes<\/a> aux aides publiques, \u00ab\u00a0une cat\u00e9gorie de num\u00e9ros pour les appels et messages concourant \u00e0 un objectif d\u2019int\u00e9r\u00eat g\u00e9n\u00e9ral \u00e9mis par des syst\u00e8mes automatis\u00e9s d\u2019appel\u00a0\u00bb. Ils\u00a0ne pourront \u00ab\u00a0\u00eatre affect\u00e9s qu\u2019\u00e0 des organisations dont la liste est fix\u00e9e par un arr\u00eat\u00e9 conjoint des ministres charg\u00e9s de la consommation et des communications \u00e9lectroniques\u00a0\u00bb. En parall\u00e8le, rappelle BFM Tech &amp; Co, \u00e0 partir du 11\u00a0ao\u00fbt 2026, les entreprises ne pourront plus d\u00e9marcher par t\u00e9l\u00e9phone sans un\u00a0consentement pr\u00e9alable explicite du consommateur.<\/p>\n","protected":false},"excerpt":{"rendered":"Un num\u00e9ro sp\u00e9cial pour rep\u00e9rer les escrocs. C\u2019est ce que propose l\u2019Arcep (Autorit\u00e9 de r\u00e9gulation des communications \u00e9lectroniques&hellip;\n","protected":false},"author":2,"featured_media":274088,"comment_status":"","ping_status":"","sticky":false,"template":"","format":"standard","meta":{"footnotes":""},"categories":[6],"tags":[47,22112,3514,35,33,34,3513,1011,27,104,963],"class_list":{"0":"post-274087","1":"post","2":"type-post","3":"status-publish","4":"format-standard","5":"has-post-thumbnail","7":"category-economie","8":"tag-actualite","9":"tag-arcep","10":"tag-arnaque","11":"tag-business","12":"tag-economie","13":"tag-economy","14":"tag-escroquerie","15":"tag-fr","16":"tag-france","17":"tag-societe","18":"tag-telephonie"},"share_on_mastodon":{"url":"https:\/\/pubeurope.com\/@fr\/114916873081797923","error":""},"_links":{"self":[{"href":"https:\/\/www.europesays.com\/fr\/wp-json\/wp\/v2\/posts\/274087","targetHints":{"allow":["GET"]}}],"collection":[{"href":"https:\/\/www.europesays.com\/fr\/wp-json\/wp\/v2\/posts"}],"about":[{"href":"https:\/\/www.europesays.com\/fr\/wp-json\/wp\/v2\/types\/post"}],"author":[{"embeddable":true,"href":"https:\/\/www.europesays.com\/fr\/wp-json\/wp\/v2\/users\/2"}],"replies":[{"embeddable":true,"href":"https:\/\/www.europesays.com\/fr\/wp-json\/wp\/v2\/comments?post=274087"}],"version-history":[{"count":0,"href":"https:\/\/www.europesays.com\/fr\/wp-json\/wp\/v2\/posts\/274087\/revisions"}],"wp:featuredmedia":[{"embeddable":true,"href":"https:\/\/www.europesays.com\/fr\/wp-json\/wp\/v2\/media\/274088"}],"wp:attachment":[{"href":"https:\/\/www.europesays.com\/fr\/wp-json\/wp\/v2\/media?parent=274087"}],"wp:term":[{"taxonomy":"category","embeddable":true,"href":"https:\/\/www.europesays.com\/fr\/wp-json\/wp\/v2\/categories?post=274087"},{"taxonomy":"post_tag","embeddable":true,"href":"https:\/\/www.europesays.com\/fr\/wp-json\/wp\/v2\/tags?post=274087"}],"curies":[{"name":"wp","href":"https:\/\/api.w.org\/{rel}","templated":true}]}}