{"id":274099,"date":"2025-07-26T01:17:25","date_gmt":"2025-07-26T01:17:25","guid":{"rendered":"https:\/\/www.europesays.com\/fr\/274099\/"},"modified":"2025-07-26T01:17:25","modified_gmt":"2025-07-26T01:17:25","slug":"nancy-douze-personnes-mises-en-examen-pour-des-actes-violents-contre-des-agents-penitentiaires-2","status":"publish","type":"post","link":"https:\/\/www.europesays.com\/fr\/274099\/","title":{"rendered":"Nancy\u00a0: douze personnes mises en examen pour des actes violents contre des agents p\u00e9nitentiaires"},"content":{"rendered":"<p>Douze personnes ont \u00e9t\u00e9 mises en examen dans le cadre d\u2019une enqu\u00eate sur une s\u00e9rie d\u2019actions violentes visant des agents p\u00e9nitentiaires, a indiqu\u00e9 jeudi 24\u00a0juillet 2025 la Juridiction interr\u00e9gionale sp\u00e9cialis\u00e9e de Nancy.<\/p>\n<p>\u00c0 partir du mois d\u2019avril, plusieurs incendies ou tentatives d\u2019agressions graves sont survenus dans le secteur de Nancy aux domiciles ou aux abords des domiciles <a href=\"https:\/\/alencon.maville.com\/actu\/actudet_-attentat-contre-des-surveillants-a-la-prison-de-conde-sur-sarthe-le-proces-s-ouvre-lundi-a-paris-_13-6832387_actu.Htm\" target=\"_blank\" rel=\"noopener\">d\u2019agents p\u00e9nitentiaires<\/a>, a indiqu\u00e9 la JIRS dans un communiqu\u00e9, ajoutant que <strong>\u00ab\u00a0ces actions violentes visaient \u00e0 exercer des pressions sur le personnel de la maison d\u2019arr\u00eat de Nancy-Max\u00e9ville\u00a0\u00bb<\/strong>.<\/p>\n<p>De jeunes suspects<\/p>\n<p>Les investigations ont mis en \u00e9vidence <strong>\u00ab\u00a0les agissements d\u2019une bande structur\u00e9e\u00a0\u00bb<\/strong> et <strong>\u00ab\u00a0plusieurs suspects, \u00e2g\u00e9s de 18 \u00e0 26\u00a0ans, originaires de la r\u00e9gion parisienne ou des d\u00e9partements du Nord et de la Moselle \u00e9taient mis en cause pour s\u2019\u00eatre rendus dans le secteur de Nancy pour commettre des incendies ou des agressions physiques au pr\u00e9judice d\u2019agents p\u00e9nitentiaires\u00a0\u00bb<\/strong>.<\/p>\n<p><strong>Lire aussi\u00a0:<\/strong> <a href=\"https:\/\/alencon.maville.com\/actu\/actudet_-info-ouest-france.-mohamed-amra-vient-de-quitter-la-prison-de-conde-sur-sarthe-pour-vendin-le-vieil-_13-6912313_actu.Htm\" target=\"_blank\" rel=\"noopener\">INFO OUEST-FRANCE. Mohamed Amra a quitt\u00e9 la prison de Cond\u00e9-sur-Sarthe pour Vendin-le-Vieil<\/a><\/p>\n<p><strong>\u00ab\u00a0Une fois sur place, selon les instructions re\u00e7ues des commanditaires, les ex\u00e9cutants se mettaient en attente en vue d\u2019agresser les agents vis\u00e9s ou commettaient des destructions ou des d\u00e9gradations par incendie sur les habitations\u00a0\u00bb<\/strong>, a poursuivi la JIRS. Plusieurs suspects, dont certains \u00e9taient d\u00e9j\u00e0 incarc\u00e9r\u00e9s, ont \u00e9t\u00e9 mis en cause pour avoir donn\u00e9 des instructions en vue de la commission de ces faits.<\/p>\n<p>Des op\u00e9rations qui se succ\u00e8dent<\/p>\n<p>Depuis le mois de mai, plusieurs op\u00e9rations successives de police judiciaire conduites par la Section de recherches de Nancy et la Division de la criminalit\u00e9 organis\u00e9e et sp\u00e9cialis\u00e9e de Nancy (DCOS) avec l\u2019appui du GIGN sous la direction de magistrats instructeurs de la JIRS de Nancy ont conduit \u00e0 l\u2019interpellation d\u2019une douzaine de personnes.<\/p>\n<p>Au total, douze personnes ont \u00e9t\u00e9 mises en examen dont neuf ont \u00e9t\u00e9 plac\u00e9es en d\u00e9tention provisoire et trois sous contr\u00f4le judiciaire, a pr\u00e9cis\u00e9 la JIRS.<\/p>\n<p>Un nombre croissant d\u2019infractions<\/p>\n<p>Depuis le 13\u00a0avril, de <a href=\"https:\/\/rennes.maville.com\/actu\/actudet_-attaque-de-prisons-qui-sont-les-premiers-suspects-interpelles-_54135-6785816_actu.Htm\" target=\"_blank\" rel=\"noopener\">nombreuses attaques contre des \u00e9tablissements p\u00e9nitentiaires<\/a>, ou les domiciles d\u2019agents p\u00e9nitentiaires, ont \u00e9t\u00e9 commises un peu partout en France. Le parquet national antiterroriste (Pnat) avait indiqu\u00e9 que 22\u00a0interpellations avaient eu lieu le 28\u00a0avril partout en France.<\/p>\n<p>Un groupe revendiquant la <strong>\u00ab\u00a0d\u00e9fense des droits des prisonniers fran\u00e7ais\u00a0\u00bb<\/strong>, ou DDPF, sigle retrouv\u00e9 aux abords des prisons prises pour cibles, a vis\u00e9 les \u00e9tablissements ou agents p\u00e9nitentiaires, publiant vid\u00e9o et menaces sur la messagerie crypt\u00e9e Telegram.<\/p>\n<p>Si le mode op\u00e9ratoire de certains <a href=\"https:\/\/rennes.maville.com\/actu\/actudet_-attaques-contre-des-prisons-ou-en-est-on-apres-dix-jours-sous-haute-tension-_54135-6777549_actu.Htm\" target=\"_blank\" rel=\"noopener\">faits porte les marques de la criminalit\u00e9 organis\u00e9e<\/a>, d\u2019autres actions faisaient davantage penser \u00e0 l\u2019ultragauche, avait relev\u00e9 une source polici\u00e8re, pour qui certains militants ont pu se greffer sur la campagne initiale.<\/p>\n<p>\u00a0<\/p>\n","protected":false},"excerpt":{"rendered":"Douze personnes ont \u00e9t\u00e9 mises en examen dans le cadre d\u2019une enqu\u00eate sur une s\u00e9rie d\u2019actions violentes visant&hellip;\n","protected":false},"author":2,"featured_media":271408,"comment_status":"","ping_status":"","sticky":false,"template":"","format":"standard","meta":{"footnotes":""},"categories":[9635],"tags":[40706,1111,11,6891,1777,674,5061,1011,27,775,5060,1702,12,41108,3744,3086,25,41107],"class_list":{"0":"post-274099","1":"post","2":"type-post","3":"status-publish","4":"format-standard","5":"has-post-thumbnail","7":"category-nancy","8":"tag-actes","9":"tag-actu","10":"tag-actualites","11":"tag-agents","12":"tag-eu","13":"tag-europe","14":"tag-examen","15":"tag-fr","16":"tag-france","17":"tag-grand-est","18":"tag-mises","19":"tag-nancy","20":"tag-news","21":"tag-penitentiaires","22":"tag-personnes","23":"tag-redon","24":"tag-republique-francaise","25":"tag-violents"},"share_on_mastodon":{"url":"https:\/\/pubeurope.com\/@fr\/114916900342840608","error":""},"_links":{"self":[{"href":"https:\/\/www.europesays.com\/fr\/wp-json\/wp\/v2\/posts\/274099","targetHints":{"allow":["GET"]}}],"collection":[{"href":"https:\/\/www.europesays.com\/fr\/wp-json\/wp\/v2\/posts"}],"about":[{"href":"https:\/\/www.europesays.com\/fr\/wp-json\/wp\/v2\/types\/post"}],"author":[{"embeddable":true,"href":"https:\/\/www.europesays.com\/fr\/wp-json\/wp\/v2\/users\/2"}],"replies":[{"embeddable":true,"href":"https:\/\/www.europesays.com\/fr\/wp-json\/wp\/v2\/comments?post=274099"}],"version-history":[{"count":0,"href":"https:\/\/www.europesays.com\/fr\/wp-json\/wp\/v2\/posts\/274099\/revisions"}],"wp:featuredmedia":[{"embeddable":true,"href":"https:\/\/www.europesays.com\/fr\/wp-json\/wp\/v2\/media\/271408"}],"wp:attachment":[{"href":"https:\/\/www.europesays.com\/fr\/wp-json\/wp\/v2\/media?parent=274099"}],"wp:term":[{"taxonomy":"category","embeddable":true,"href":"https:\/\/www.europesays.com\/fr\/wp-json\/wp\/v2\/categories?post=274099"},{"taxonomy":"post_tag","embeddable":true,"href":"https:\/\/www.europesays.com\/fr\/wp-json\/wp\/v2\/tags?post=274099"}],"curies":[{"name":"wp","href":"https:\/\/api.w.org\/{rel}","templated":true}]}}