{"id":274105,"date":"2025-07-26T01:28:35","date_gmt":"2025-07-26T01:28:35","guid":{"rendered":"https:\/\/www.europesays.com\/fr\/274105\/"},"modified":"2025-07-26T01:28:35","modified_gmt":"2025-07-26T01:28:35","slug":"a-rennes-le-corps-dun-homme-de-39-ans-retrouve-a-son-domicile","status":"publish","type":"post","link":"https:\/\/www.europesays.com\/fr\/274105\/","title":{"rendered":"\u00c0 Rennes, le corps d\u2019un homme de 39\u00a0ans retrouv\u00e9 \u00e0 son domicile"},"content":{"rendered":"<p>C\u2019est dans sa petite maison boulevard des Trois Croix, dans le nord de Rennes (Ille-et-Vilaine), que le corps sans vie d\u2019un homme de 39\u00a0ans a \u00e9t\u00e9 retrouv\u00e9, jeudi 24\u00a0juillet 2025. La police est intervenue vers 16\u00a0h pour faire les premi\u00e8res constatations aux c\u00f4t\u00e9s d\u2019un m\u00e9decin du Samu. Ce dernier a, dans un premier temps, \u00e9mis l\u2019hypoth\u00e8se d\u2019une morte suspecte.<\/p>\n<p>L\u2019homme pr\u00e9sentait une blessure au niveau de l\u2019arri\u00e8re de la t\u00eate et \u00e9tait a priori d\u00e9c\u00e9d\u00e9 depuis plusieurs jours.<\/p>\n<p>\u00c0 la demande du parquet, le corps a donc \u00e9t\u00e9 examin\u00e9 par un m\u00e9decin l\u00e9giste, qui n\u2019a pas conclu \u00e0 l\u2019intervention d\u2019un tiers. La piste criminelle est donc \u00e9cart\u00e9e.<\/p>\n<p>\u00a0<\/p>\n","protected":false},"excerpt":{"rendered":"C\u2019est dans sa petite maison boulevard des Trois Croix, dans le nord de Rennes (Ille-et-Vilaine), que le corps&hellip;\n","protected":false},"author":2,"featured_media":274106,"comment_status":"","ping_status":"","sticky":false,"template":"","format":"standard","meta":{"footnotes":""},"categories":[2821],"tags":[41364,1111,11,1764,829,6725,15335,1777,674,1011,27,4933,12,584,25,4256],"class_list":{"0":"post-274105","1":"post","2":"type-post","3":"status-publish","4":"format-standard","5":"has-post-thumbnail","7":"category-rennes","8":"tag-41364","9":"tag-actu","10":"tag-actualites","11":"tag-ans","12":"tag-bretagne","13":"tag-corps","14":"tag-domicile","15":"tag-eu","16":"tag-europe","17":"tag-fr","18":"tag-france","19":"tag-homme","20":"tag-news","21":"tag-rennes","22":"tag-republique-francaise","23":"tag-retrouve"},"share_on_mastodon":{"url":"https:\/\/pubeurope.com\/@fr\/114916943659893460","error":""},"_links":{"self":[{"href":"https:\/\/www.europesays.com\/fr\/wp-json\/wp\/v2\/posts\/274105","targetHints":{"allow":["GET"]}}],"collection":[{"href":"https:\/\/www.europesays.com\/fr\/wp-json\/wp\/v2\/posts"}],"about":[{"href":"https:\/\/www.europesays.com\/fr\/wp-json\/wp\/v2\/types\/post"}],"author":[{"embeddable":true,"href":"https:\/\/www.europesays.com\/fr\/wp-json\/wp\/v2\/users\/2"}],"replies":[{"embeddable":true,"href":"https:\/\/www.europesays.com\/fr\/wp-json\/wp\/v2\/comments?post=274105"}],"version-history":[{"count":0,"href":"https:\/\/www.europesays.com\/fr\/wp-json\/wp\/v2\/posts\/274105\/revisions"}],"wp:featuredmedia":[{"embeddable":true,"href":"https:\/\/www.europesays.com\/fr\/wp-json\/wp\/v2\/media\/274106"}],"wp:attachment":[{"href":"https:\/\/www.europesays.com\/fr\/wp-json\/wp\/v2\/media?parent=274105"}],"wp:term":[{"taxonomy":"category","embeddable":true,"href":"https:\/\/www.europesays.com\/fr\/wp-json\/wp\/v2\/categories?post=274105"},{"taxonomy":"post_tag","embeddable":true,"href":"https:\/\/www.europesays.com\/fr\/wp-json\/wp\/v2\/tags?post=274105"}],"curies":[{"name":"wp","href":"https:\/\/api.w.org\/{rel}","templated":true}]}}