{"id":274107,"date":"2025-07-26T01:29:13","date_gmt":"2025-07-26T01:29:13","guid":{"rendered":"https:\/\/www.europesays.com\/fr\/274107\/"},"modified":"2025-07-26T01:29:13","modified_gmt":"2025-07-26T01:29:13","slug":"strasbourg-george-ibrahim-abdallah-libere-ce-vendredi-avait-ete-condamne-pour-une-tentative-dassassinat","status":"publish","type":"post","link":"https:\/\/www.europesays.com\/fr\/274107\/","title":{"rendered":"Strasbourg. George Ibrahim Abdallah, lib\u00e9r\u00e9 ce vendredi, avait \u00e9t\u00e9 condamn\u00e9 pour une tentative d\u2019assassinat"},"content":{"rendered":"<p>En 1985, on retrouve plus de 80 documents compromettants dans une Citro\u00ebn CX \u00e0 Lyon. Cette voiture a \u00e9t\u00e9 acquise il y a plusieurs ann\u00e9es par George Ibrahim Abdallah, terroriste communiste libanais, et par son \u00e9pouse, Jacqueline Esber. Parmi ces documents, un plan de la capitale alsacienne o\u00f9 l\u2019intersection des rues Brahms et de Verdun, dans le quartier des XV \u00e0 Strasbourg, a \u00e9t\u00e9 mat\u00e9rialis\u00e9e par un point dessin\u00e9 \u00e0 l\u2019encre.<\/p>\n<p>Cet indice, parmi d\u2019autres, conduira \u00e0 la condamnation \u00e0 la r\u00e9clusion criminelle \u00e0 perp\u00e9tuit\u00e9 d\u2019Abdallah pour \u00ab\u00a0complicit\u00e9 de tentative d\u2019assassinat\u00a0\u00bb, le 23\u00a0f\u00e9vrier 1987, par la cour d\u2019assises de Paris, sp\u00e9cialement compos\u00e9e de magistrats (sans jury populaire). Cette m\u00eame juridiction condamnera par&#8230;<\/p>\n","protected":false},"excerpt":{"rendered":"En 1985, on retrouve plus de 80 documents compromettants dans une Citro\u00ebn CX \u00e0 Lyon. Cette voiture a&hellip;\n","protected":false},"author":2,"featured_media":274108,"comment_status":"","ping_status":"","sticky":false,"template":"","format":"standard","meta":{"footnotes":""},"categories":[2820],"tags":[1111,11,2389,2649,271,3206,272,1777,674,274,107,1011,27,775,937,12,25,104,640,1254],"class_list":{"0":"post-274107","1":"post","2":"type-post","3":"status-publish","4":"format-standard","5":"has-post-thumbnail","7":"category-strasbourg","8":"tag-actu","9":"tag-actualites","10":"tag-alsace","11":"tag-bas-rhin","12":"tag-crime","13":"tag-defense-guerre-conflit","14":"tag-delit-et-contravention","15":"tag-eu","16":"tag-europe","17":"tag-faits-divers-justice","18":"tag-fil-info","19":"tag-fr","20":"tag-france","21":"tag-grand-est","22":"tag-histoire","23":"tag-news","24":"tag-republique-francaise","25":"tag-societe","26":"tag-strasbourg","27":"tag-terrorisme"},"share_on_mastodon":{"url":"https:\/\/pubeurope.com\/@fr\/114916947660348164","error":""},"_links":{"self":[{"href":"https:\/\/www.europesays.com\/fr\/wp-json\/wp\/v2\/posts\/274107","targetHints":{"allow":["GET"]}}],"collection":[{"href":"https:\/\/www.europesays.com\/fr\/wp-json\/wp\/v2\/posts"}],"about":[{"href":"https:\/\/www.europesays.com\/fr\/wp-json\/wp\/v2\/types\/post"}],"author":[{"embeddable":true,"href":"https:\/\/www.europesays.com\/fr\/wp-json\/wp\/v2\/users\/2"}],"replies":[{"embeddable":true,"href":"https:\/\/www.europesays.com\/fr\/wp-json\/wp\/v2\/comments?post=274107"}],"version-history":[{"count":0,"href":"https:\/\/www.europesays.com\/fr\/wp-json\/wp\/v2\/posts\/274107\/revisions"}],"wp:featuredmedia":[{"embeddable":true,"href":"https:\/\/www.europesays.com\/fr\/wp-json\/wp\/v2\/media\/274108"}],"wp:attachment":[{"href":"https:\/\/www.europesays.com\/fr\/wp-json\/wp\/v2\/media?parent=274107"}],"wp:term":[{"taxonomy":"category","embeddable":true,"href":"https:\/\/www.europesays.com\/fr\/wp-json\/wp\/v2\/categories?post=274107"},{"taxonomy":"post_tag","embeddable":true,"href":"https:\/\/www.europesays.com\/fr\/wp-json\/wp\/v2\/tags?post=274107"}],"curies":[{"name":"wp","href":"https:\/\/api.w.org\/{rel}","templated":true}]}}