{"id":274122,"date":"2025-07-26T01:37:15","date_gmt":"2025-07-26T01:37:15","guid":{"rendered":"https:\/\/www.europesays.com\/fr\/274122\/"},"modified":"2025-07-26T01:37:15","modified_gmt":"2025-07-26T01:37:15","slug":"un-gros-bouchon-sest-forme","status":"publish","type":"post","link":"https:\/\/www.europesays.com\/fr\/274122\/","title":{"rendered":"un gros bouchon s&rsquo;est form\u00e9"},"content":{"rendered":"<p>            Par<br \/>\n        <strong><br \/>\n            <a href=\"https:\/\/actu.fr\/auteur\/david-saint-sernin\" title=\"Consulter tous les articles de David Saint-Sernin\" target=\"_blank\" rel=\"noopener\">David Saint-Sernin<\/a><br \/>\n        <\/strong><\/p>\n<p>        Publi\u00e9 le<\/p>\n<p>            25 juil. 2025 \u00e0 16h20<br \/>\n        ; mis \u00e0 jour le 25 juil. 2025 \u00e0 17h17    <\/p>\n<p>Mise \u00e0 jour 17h15. L\u2019accident est d\u00e9sormais termin\u00e9. Les conditions de circulation restent compliqu\u00e9e \u00e0 Toulouse en cette fin d\u2019apr\u00e8s-midi mais la situation s\u2019am\u00e9liore globalement sur les voies rapides de l\u2019agglom\u00e9ration.\u00a0\u00a0<\/p>\n<p class=\" wall-content\">La soir\u00e9e s\u2019annonce compliqu\u00e9e sur le<a href=\"https:\/\/actu.fr\/tag\/peripherique-de-toulouse\" target=\"_blank\" rel=\"noopener\"> p\u00e9riph\u00e9rique de Toulouse<\/a>. Alors que l\u2019heure des d\u00e9parts en cong\u00e9s d\u00e9marre ce vendredi 25\u00a0juillet 2025, <a href=\"https:\/\/actu.fr\/occitanie\/toulouse_31555\/un-accident-sur-le-peripherique-pres-de-13-km-de-bouchon-il-faut-une-heure-pour-contourner-toulouse_62949080.html\" target=\"_blank\" rel=\"noopener\">un accident<\/a> a eu lieu sur le p\u00e9riph\u00e9rique<strong> \u00e0 l\u2019est de Toulouse.<\/strong><\/p>\n<p>Accident apr\u00e8s Borderouge<\/p>\n<p class=\" wall-content\">L\u2019accident implique deux voitures qui se trouvent sur la chauss\u00e9e, apr\u00e8s la sortie 13 de Borderouge dans le sens Montpellier-Bordeaux.<\/p>\n<p class=\" wall-content\">La voie de droite est neutralis\u00e9e. Les secours sont sur place.<\/p>\n<p class=\" wall-content\">\u00ab\u2009Un bouchon de 8,5 kilom\u00e8tres est en cours. Il faut un temps de trajet de 40\u00a0minutes au lieu de 12\u00a0minutes\u2009\u00bb, indique Radio 107.7<\/p>\n<p>Un autre bouchon en sens inverse<\/p>\n<p class=\" wall-content\">Est-ce un \u00ab\u2009bouchon de curiosit\u00e9\u2009\u00bb\u2009? Dans le sens inverse, toujours au niveau de Borderouge, un bouchon s\u2019est form\u00e9 en direction de Montpellier.<\/p>\n<p class=\" wall-content\">Ce bouchon remonte jusqu\u2019au p\u00e9age de Toulouse Nord, et m\u00eame au-del\u00e0. Les automobilistes qui arrivent de Montauban se retrouvent au ralenti ou \u00e0 l\u2019arr\u00eat en amont du p\u00e9age.<\/p>\n<p>Vid\u00e9os : en ce moment sur Actu<\/p>\n<p class=\" wall-content\">Suivez toute l\u2019actualit\u00e9 de vos villes et m\u00e9dias favoris en vous inscrivant \u00e0 <a href=\"https:\/\/moncompte.actu.fr\" title=\"D\u00e9couvez Mon Actu\" rel=\"nofollow noopener\" data-trk=\"{&quot;cta&quot;:{&quot;action&quot;:&quot;https:\\\/\\\/moncompte.actu.fr&quot;,&quot;category&quot;:&quot;mon compte&quot;,&quot;from&quot;:&quot;article footer&quot;,&quot;name&quot;:&quot;Mon actu&quot;,&quot;type&quot;:&quot;cta&quot;}}\" target=\"_blank\">Mon Actu<\/a>.<\/p>\n<ul class=\"ac-article-tag wall-content\">\n<li><a href=\"https:\/\/actu.fr\/tag\/autoroute-61-a61\" data-trk=\"{&quot;cta&quot;:{&quot;action&quot;:&quot;Autoroute 61 (A61)&quot;,&quot;category&quot;:&quot;tag&quot;,&quot;from&quot;:&quot;article footer&quot;,&quot;name&quot;:&quot;Autoroute 61 (A61)&quot;,&quot;type&quot;:&quot;cta&quot;}}\" target=\"_blank\" rel=\"noopener\">#Autoroute 61 (A61)<\/a><\/li>\n<li><a href=\"https:\/\/actu.fr\/tag\/peripherique-de-toulouse\" data-trk=\"{&quot;cta&quot;:{&quot;action&quot;:&quot;P\\u00e9riph\\u00e9rique de Toulouse&quot;,&quot;category&quot;:&quot;tag&quot;,&quot;from&quot;:&quot;article footer&quot;,&quot;name&quot;:&quot;P\\u00e9riph\\u00e9rique de Toulouse&quot;,&quot;type&quot;:&quot;cta&quot;}}\" target=\"_blank\" rel=\"noopener\">#P\u00e9riph\u00e9rique de Toulouse<\/a><\/li>\n<\/ul>\n","protected":false},"excerpt":{"rendered":"Par David Saint-Sernin Publi\u00e9 le 25 juil. 2025 \u00e0 16h20 ; mis \u00e0 jour le 25 juil. 2025&hellip;\n","protected":false},"author":2,"featured_media":274123,"comment_status":"","ping_status":"","sticky":false,"template":"","format":"standard","meta":{"footnotes":""},"categories":[2816],"tags":[1111,11,10437,1777,674,1011,27,12,2680,4800,25,104,2312],"class_list":{"0":"post-274122","1":"post","2":"type-post","3":"status-publish","4":"format-standard","5":"has-post-thumbnail","7":"category-toulouse","8":"tag-actu","9":"tag-actualites","10":"tag-autoroute-61-a61","11":"tag-eu","12":"tag-europe","13":"tag-fr","14":"tag-france","15":"tag-news","16":"tag-occitanie","17":"tag-peripherique-de-toulouse","18":"tag-republique-francaise","19":"tag-societe","20":"tag-toulouse"},"share_on_mastodon":{"url":"https:\/\/pubeurope.com\/@fr\/114916979101323355","error":""},"_links":{"self":[{"href":"https:\/\/www.europesays.com\/fr\/wp-json\/wp\/v2\/posts\/274122","targetHints":{"allow":["GET"]}}],"collection":[{"href":"https:\/\/www.europesays.com\/fr\/wp-json\/wp\/v2\/posts"}],"about":[{"href":"https:\/\/www.europesays.com\/fr\/wp-json\/wp\/v2\/types\/post"}],"author":[{"embeddable":true,"href":"https:\/\/www.europesays.com\/fr\/wp-json\/wp\/v2\/users\/2"}],"replies":[{"embeddable":true,"href":"https:\/\/www.europesays.com\/fr\/wp-json\/wp\/v2\/comments?post=274122"}],"version-history":[{"count":0,"href":"https:\/\/www.europesays.com\/fr\/wp-json\/wp\/v2\/posts\/274122\/revisions"}],"wp:featuredmedia":[{"embeddable":true,"href":"https:\/\/www.europesays.com\/fr\/wp-json\/wp\/v2\/media\/274123"}],"wp:attachment":[{"href":"https:\/\/www.europesays.com\/fr\/wp-json\/wp\/v2\/media?parent=274122"}],"wp:term":[{"taxonomy":"category","embeddable":true,"href":"https:\/\/www.europesays.com\/fr\/wp-json\/wp\/v2\/categories?post=274122"},{"taxonomy":"post_tag","embeddable":true,"href":"https:\/\/www.europesays.com\/fr\/wp-json\/wp\/v2\/tags?post=274122"}],"curies":[{"name":"wp","href":"https:\/\/api.w.org\/{rel}","templated":true}]}}