{"id":274137,"date":"2025-07-26T01:48:21","date_gmt":"2025-07-26T01:48:21","guid":{"rendered":"https:\/\/www.europesays.com\/fr\/274137\/"},"modified":"2025-07-26T01:48:21","modified_gmt":"2025-07-26T01:48:21","slug":"un-an-apres-paris-fait-mousser-son-bilan-liberation","status":"publish","type":"post","link":"https:\/\/www.europesays.com\/fr\/274137\/","title":{"rendered":"un an apr\u00e8s, Paris fait mousser son bilan \u2013 Lib\u00e9ration"},"content":{"rendered":"<p class=\"sc-ksZaOG ehjQrN text-element\">\u00abOn essaye de faire tourner \u00e0 plein r\u00e9gime l\u2019h\u00e9ritage mat\u00e9riel des Jeux.\u00bb <a href=\"https:\/\/www.liberation.fr\/sports\/jeux-olympiques\/jo-de-paris-2024-apres-la-liesse-les-fausses-promesses-20250724_ZCA3ICETBNA3NDSCCTMVNTFBNY\/\" target=\"_blank\" rel=\"noopener\" title=\"https:\/\/www.liberation.fr\/sports\/jeux-olympiques\/jo-de-paris-2024-apres-la-liesse-les-fausses-promesses-20250724_ZCA3ICETBNA3NDSCCTMVNTFBNY\/\">Un an apr\u00e8s Paris 2024<\/a>, Pierre Rabadan, le Monsieur sports et JO d\u2019Anne Hidalgo, se frise les moustaches qu\u2019il n\u2019a pas. Sur les tablettes de la mairie, tous les voyants sont au vert \u00e0 l\u2019heure du bilan et une promesse suppl\u00e9mentaire est en passe d\u2019\u00eatre tenue : un \u00abmonument des champions\u00bb, dont Lib\u00e9ration a eu la primeur, sera bien inaugur\u00e9 d\u2019ici \u00e0 la fin de l\u2019ann\u00e9e sur le pont Saint-Louis. Pour graver dans la pierre et dans le temps le nom des <a href=\"https:\/\/www.liberation.fr\/sports\/jeux-olympiques\/jo-de-paris-2024-avec-64-medailles-16-en-or-et-un-top-5-objectif-atteint-pour-lequipe-de-france-20240811_3DTL6XRNPRGUDNTUV5N327H26A\/\" target=\"_blank\" rel=\"noopener\" title=\"https:\/\/www.liberation.fr\/sports\/jeux-olympiques\/jo-de-paris-2024-avec-64-medailles-16-en-or-et-un-top-5-objectif-atteint-pour-lequipe-de-france-20240811_3DTL6XRNPRGUDNTUV5N327H26A\/\">64 m\u00e9daill\u00e9s olympiques fran\u00e7ais<\/a> et 75 <a href=\"https:\/\/www.liberation.fr\/sports\/jeux-olympiques\/jeux-paralympiques-2024-avec-didier-portal-et-chardard-la-paranatation-francaise-atteint-le-cap-des-10-medailles-20240903_OAWQQA32F&lt;\/p&gt;&lt;\/div&gt;&lt;\/article&gt;&lt;\/div&gt;&lt;div data-fusion-lazy-id=\" f0f8vgvlad832fw=\"\" target=\"_blank\" rel=\"noopener\"><\/p>\n","protected":false},"excerpt":{"rendered":"\u00abOn essaye de faire tourner \u00e0 plein r\u00e9gime l\u2019h\u00e9ritage mat\u00e9riel des Jeux.\u00bb Un an apr\u00e8s Paris 2024, Pierre&hellip;\n","protected":false},"author":2,"featured_media":274138,"comment_status":"","ping_status":"","sticky":false,"template":"","format":"standard","meta":{"footnotes":""},"categories":[1888],"tags":[1111,1928,11,1927,2618,1777,674,1011,27,41365,7941,12,1926,626,1925,25],"class_list":{"0":"post-274137","1":"post","2":"type-post","3":"status-publish","4":"format-standard","5":"has-post-thumbnail","7":"category-paris","8":"tag-actu","9":"tag-actu-paris","10":"tag-actualites","11":"tag-actualites-paris","12":"tag-anne-hidalgo","13":"tag-eu","14":"tag-europe","15":"tag-fr","16":"tag-france","17":"tag-jeux-paralympiques-2024","18":"tag-jo-paris-2024","19":"tag-news","20":"tag-news-paris","21":"tag-paris","22":"tag-paris-news","23":"tag-republique-francaise"},"share_on_mastodon":{"url":"https:\/\/pubeurope.com\/@fr\/114917022318714505","error":""},"_links":{"self":[{"href":"https:\/\/www.europesays.com\/fr\/wp-json\/wp\/v2\/posts\/274137","targetHints":{"allow":["GET"]}}],"collection":[{"href":"https:\/\/www.europesays.com\/fr\/wp-json\/wp\/v2\/posts"}],"about":[{"href":"https:\/\/www.europesays.com\/fr\/wp-json\/wp\/v2\/types\/post"}],"author":[{"embeddable":true,"href":"https:\/\/www.europesays.com\/fr\/wp-json\/wp\/v2\/users\/2"}],"replies":[{"embeddable":true,"href":"https:\/\/www.europesays.com\/fr\/wp-json\/wp\/v2\/comments?post=274137"}],"version-history":[{"count":0,"href":"https:\/\/www.europesays.com\/fr\/wp-json\/wp\/v2\/posts\/274137\/revisions"}],"wp:featuredmedia":[{"embeddable":true,"href":"https:\/\/www.europesays.com\/fr\/wp-json\/wp\/v2\/media\/274138"}],"wp:attachment":[{"href":"https:\/\/www.europesays.com\/fr\/wp-json\/wp\/v2\/media?parent=274137"}],"wp:term":[{"taxonomy":"category","embeddable":true,"href":"https:\/\/www.europesays.com\/fr\/wp-json\/wp\/v2\/categories?post=274137"},{"taxonomy":"post_tag","embeddable":true,"href":"https:\/\/www.europesays.com\/fr\/wp-json\/wp\/v2\/tags?post=274137"}],"curies":[{"name":"wp","href":"https:\/\/api.w.org\/{rel}","templated":true}]}}