{"id":274139,"date":"2025-07-26T01:49:16","date_gmt":"2025-07-26T01:49:16","guid":{"rendered":"https:\/\/www.europesays.com\/fr\/274139\/"},"modified":"2025-07-26T01:49:16","modified_gmt":"2025-07-26T01:49:16","slug":"un-an-apres-que-reste-t-il-de-la-parenthese-enchantee-des-jo-de-paris-2024","status":"publish","type":"post","link":"https:\/\/www.europesays.com\/fr\/274139\/","title":{"rendered":"Un an apr\u00e8s, que reste-t-il de la \u00abparenth\u00e8se enchant\u00e9e\u00bb des JO de Paris 2024\u00a0?"},"content":{"rendered":"<p><strong>D\u00c9CRYPTAGE &#8211; <\/strong>Envol du nombre de licenci\u00e9s, engouement populaire sur la dur\u00e9e, budget allou\u00e9 aux sports en baisse\u2026 L\u2019h\u00e9ritage de Paris 2024 navigue entre avanc\u00e9es tr\u00e8s positives et r\u00e9elles difficult\u00e9s.<\/p>\n<p class=\"fig-paragraph\">\u00ab\u00a0Quel h\u00e9ritage laisserons-nous \u00e0 la g\u00e9n\u00e9ration 2024\u00a0? Cette question guide au quotidien notre action.\u00a0\u00bb D\u00e8s 2019, soit cinq ans avant que les\u00a0<a href=\"http:\/\/www.lefigaro.fr\/culture\/patrimoine\/vasque-cheval-anneaux-olympiques-les-symboles-des-jeux-de-paris-trouvent-une-nouvelle-vie-20250725\" data-fig-type=\"Article\" data-gtm-custom-categorie=\"navigation\" data-gtm-custom-action=\"crossclick\" data-gtm-custom-label=\"Contextuel\" data-gtm-event=\"customEventSPE\" data-fig-domain=\"LEFIGARO\" target=\"_blank\" rel=\"noopener\">Jeux olympiques de Paris<\/a>\u00a0ne voient le jour,<a href=\"http:\/\/www.lefigaro.fr\/sports\/jeux-olympiques\/tony-estanguet-aureole-par-les-jo-de-paris-revient-au-cio-20250320\" data-fig-type=\"NewsFlash\" data-gtm-custom-categorie=\"navigation\" data-gtm-custom-action=\"crossclick\" data-gtm-custom-label=\"Contextuel\" data-gtm-event=\"customEventSPE\" data-fig-domain=\"LEFIGARO\" target=\"_blank\" rel=\"noopener\">\u00a0Tony Estanguet<\/a>\u00a0insistait, d\u00e9j\u00e0, sur cette notion de transmission et cette volont\u00e9 que la grand-messe olympique ne constitue pas une magnifique f\u00eate sans lendemain. Ou pire encore, qu\u2019elle n\u2019engendre pas un brutal retour sur Terre sit\u00f4t le rideau des Paralympiques ferm\u00e9, le 8\u00a0septembre dernier. Trois cent soixante-cinq\u00a0jours plus tard, selon que l\u2019analyse concerne l\u2019aspect \u00e9conomique ou que le focus ne se porte que sur le monde du sport, la question du fameux h\u00e9ritage demeure d\u00e9licate \u00e0 trancher, entre \u00e9loges et critiques.<\/p>\n<p class=\"fig-paragraph\">\u00ab\u00a0Globalement, ces Jeux ont \u00e9t\u00e9 une grande r\u00e9ussite pour notre pays. C\u2019est ce que retiennent les Fran\u00e7ais. Il y a une vraie fiert\u00e9 par rapport \u00e0 cela.\u00a0\u00bb Pour la ministre des Sports,<a href=\"http:\/\/www.lefigaro.fr\/sports\/autres-sports\/je-lui-souhaite-plein-succes-salue-marie-barsacq-apres-l-election-d-amelie-oudea-castera-20250619\" data-fig-type=\"NewsFlash\" data-gtm-custom-categorie=\"navigation\" data-gtm-custom-action=\"crossclick\" data-gtm-custom-label=\"Contextuel\" data-gtm-event=\"customEventSPE\" data-fig-domain=\"LEFIGARO\" target=\"_blank\" rel=\"noopener\">\u00a0Marie Barsacq<\/a>, un point ne pr\u00eate pas \u00e0 discussion\u00a0: Paris\u00a02024 aura \u00e9t\u00e9 \u00ab\u00a0une parenth\u00e8se\u2026<\/p>\n<p class=\"fig-premium-paywall__infos\">\n        Cet article est r\u00e9serv\u00e9 aux abonn\u00e9s.        Il vous reste 92% \u00e0 d\u00e9couvrir.\n    <\/p>\n<p>                <img  data- alt=\"Le Figaro\" class=\"fig-img--complete fig-img\"\/><\/p>\n<p class=\"fig-premium-paywall__title\">Vous avez envie de lire la suite ?<\/p>\n<p class=\"fig-premium-paywall__subtitle\">D\u00e9bloquez tous les articles imm\u00e9diatement.<\/p>\n<p class=\"fig-premium-paywall__connect\">\n                D\u00e9j\u00e0 abonn\u00e9\u00a0?                <a class=\"fig-premium-paywall__connect-link\" href=\"https:\/\/connect.lefigaro.fr\/login?client=horizon_web&amp;type=main&amp;redirect_uri=https%3A%2F%2Fwww.lefigaro.fr%2Fsports%2Fjeux-olympiques%2Fun-an-apres-que-reste-t-il-de-la-parenthese-enchantee-des-jo-de-paris-2024-20250725\" data-js-gtm=\"{&quot;customCategorie&quot;: &quot;conversion&quot;, &quot;customAction&quot;: &quot;before_Landing_Connexion_paywall_auto&quot;, &quot;customLabel&quot;: &quot;bGVmaWdhcm8uZnJfXzFmMDY4YWIyLWI2ZmMtNjFmYy04NzdjLWI5NTc2ZGE0NjJmMF9fTmV3c0ZsYXNo_Un an apr\u00e8s, que reste-t-il de la \u00abparenth\u00e8se enchant\u00e9e\u00bb des JO de Paris 2024\u00a0?_276&quot;, &quot;customIDSPE&quot;: &quot;bGVmaWdhcm8uZnJfXzFmMDY4YWIyLWI2ZmMtNjFmYy04NzdjLWI5NTc2ZGE0NjJmMF9fTmV3c0ZsYXNo&quot;, &quot;event&quot;: &quot;customEventSPE&quot;}\" target=\"_blank\" rel=\"noopener\"><br \/>\n                    Connectez-vous<br \/>\n                <\/a>\n            <\/p>\n","protected":false},"excerpt":{"rendered":"D\u00c9CRYPTAGE &#8211; Envol du nombre de licenci\u00e9s, engouement populaire sur la dur\u00e9e, budget allou\u00e9 aux sports en baisse\u2026&hellip;\n","protected":false},"author":2,"featured_media":274140,"comment_status":"","ping_status":"","sticky":false,"template":"","format":"standard","meta":{"footnotes":""},"categories":[1888],"tags":[1111,1928,11,1927,1777,674,1011,27,3996,12,1926,626,1925,5856,25],"class_list":{"0":"post-274139","1":"post","2":"type-post","3":"status-publish","4":"format-standard","5":"has-post-thumbnail","7":"category-paris","8":"tag-actu","9":"tag-actu-paris","10":"tag-actualites","11":"tag-actualites-paris","12":"tag-eu","13":"tag-europe","14":"tag-fr","15":"tag-france","16":"tag-jeux-olympiques","17":"tag-news","18":"tag-news-paris","19":"tag-paris","20":"tag-paris-news","21":"tag-paris-2024","22":"tag-republique-francaise"},"share_on_mastodon":{"url":"https:\/\/pubeurope.com\/@fr\/114917026260584659","error":""},"_links":{"self":[{"href":"https:\/\/www.europesays.com\/fr\/wp-json\/wp\/v2\/posts\/274139","targetHints":{"allow":["GET"]}}],"collection":[{"href":"https:\/\/www.europesays.com\/fr\/wp-json\/wp\/v2\/posts"}],"about":[{"href":"https:\/\/www.europesays.com\/fr\/wp-json\/wp\/v2\/types\/post"}],"author":[{"embeddable":true,"href":"https:\/\/www.europesays.com\/fr\/wp-json\/wp\/v2\/users\/2"}],"replies":[{"embeddable":true,"href":"https:\/\/www.europesays.com\/fr\/wp-json\/wp\/v2\/comments?post=274139"}],"version-history":[{"count":0,"href":"https:\/\/www.europesays.com\/fr\/wp-json\/wp\/v2\/posts\/274139\/revisions"}],"wp:featuredmedia":[{"embeddable":true,"href":"https:\/\/www.europesays.com\/fr\/wp-json\/wp\/v2\/media\/274140"}],"wp:attachment":[{"href":"https:\/\/www.europesays.com\/fr\/wp-json\/wp\/v2\/media?parent=274139"}],"wp:term":[{"taxonomy":"category","embeddable":true,"href":"https:\/\/www.europesays.com\/fr\/wp-json\/wp\/v2\/categories?post=274139"},{"taxonomy":"post_tag","embeddable":true,"href":"https:\/\/www.europesays.com\/fr\/wp-json\/wp\/v2\/tags?post=274139"}],"curies":[{"name":"wp","href":"https:\/\/api.w.org\/{rel}","templated":true}]}}