{"id":274164,"date":"2025-07-26T02:02:17","date_gmt":"2025-07-26T02:02:17","guid":{"rendered":"https:\/\/www.europesays.com\/fr\/274164\/"},"modified":"2025-07-26T02:02:17","modified_gmt":"2025-07-26T02:02:17","slug":"trump-est-arrive-en-ecosse-pour-un-sejour-melant-golf-diplomatie-et-commerce-26-07-2025-a-0248","status":"publish","type":"post","link":"https:\/\/www.europesays.com\/fr\/274164\/","title":{"rendered":"Trump est arriv\u00e9 en Ecosse pour un s\u00e9jour m\u00ealant golf, diplomatie et commerce &#8211; 26\/07\/2025 \u00e0 02:48"},"content":{"rendered":"<p>        <img fetchpriority=\"high\" decoding=\"async\" src=\"https:\/\/www.europesays.com\/fr\/wp-content\/uploads\/2025\/07\/dafbcc8704f8701bc99ea419d49b79b5-760x507.jpg\" alt=\"L'avion pr\u00e9sidentiel am\u00e9ricain Air Force One atterrit \u00e0 Prestwick, en Ecosse, le 26 juillet 2025 ( AFP \/ ANDY BUCHANAN )\" loading=\"eager\" width=\"760\" height=\"507\" style=\"max-width: 100%!important; height: auto;\"\/><\/p>\n<p class=\"c-image-news__legend\">L&rsquo;avion pr\u00e9sidentiel am\u00e9ricain Air Force One atterrit \u00e0 Prestwick, en Ecosse, le 26 juillet 2025 ( AFP \/ ANDY BUCHANAN )<\/p>\n<p>\n Donald Trump est arriv\u00e9 vendredi pour un week-end prolong\u00e9 en Ecosse qui doit m\u00ealer golf, diplomatie et n\u00e9gociations commerciales, et o\u00f9 un important dispositif de s\u00e9curit\u00e9 a \u00e9t\u00e9 d\u00e9ploy\u00e9 en pr\u00e9vision de manifestations.\n<\/p>\n<p>\n \u00ab\u00a0Je suis en Ecosse maintenant. Beaucoup de r\u00e9unions pr\u00e9vues!!!\u00a0\u00bb, a annonc\u00e9 le pr\u00e9sident am\u00e9ricain sur son r\u00e9seau Truth Social.\n<\/p>\n<p>\n Apr\u00e8s son arriv\u00e9e \u00e0 bord de l&rsquo;avion pr\u00e9sidentiel Air Force One en d\u00e9but de soir\u00e9e \u00e0 l&rsquo;a\u00e9roport de Prestwick, au sud-ouest de Glasgow, Donald Trump s&rsquo;est rendu \u00e0 Turnberry, dans un des deux complexes de golf \u00e9cossais appartenant \u00e0 l&rsquo;entreprise familiale dirig\u00e9e par ses fils.\n<\/p>\n<p>\n L&rsquo;agenda officiel du pr\u00e9sident am\u00e9ricain est vide samedi. Il doit rencontrer dimanche la pr\u00e9sidente de la Commission europ\u00e9enne Ursula von der Leyen, qui esp\u00e8re obtenir un accord sur les droits de douane. Une perspective que le pr\u00e9sident am\u00e9ricain a jug\u00e9 possible \u00e0 \u00ab\u00a050-50\u00a0\u00bb.\n<\/p>\n<p>\n La police \u00e9cossaise, qui se pr\u00e9pare \u00e0 des manifestations, a annonc\u00e9 la mise en place d&rsquo;une \u00ab\u00a0op\u00e9ration d&rsquo;envergure \u00e0 travers tout le pays pendant plusieurs jours\u00a0\u00bb.\n<\/p>\n<p>\n Avant de repartir pour Washington, Donald Trump s&rsquo;arrachera aussi aux greens pour une rencontre, dont les d\u00e9tails ne sont pas connus, avec le Premier ministre britannique Keir Starmer.\n<\/p>\n<p>        <img decoding=\"async\" src=\"https:\/\/www.europesays.com\/fr\/wp-content\/uploads\/2025\/07\/cafa39285e4d744a75f49bfb52bbb487-760x478.jpg\" alt=\"Le pr\u00e9sident am\u00e9ricain Donald Trump \u00e0 son arriv\u00e9e \u00e0 l'a\u00e9roport de Prestwick, en Ecosse, le 25 juillet 2025 ( AFP \/ Brendan SMIALOWSKI )\" loading=\"eager\" width=\"760\" height=\"478\" style=\"max-width: 100%!important; height: auto;\"\/><\/p>\n<p class=\"c-image-news__legend\">Le pr\u00e9sident am\u00e9ricain Donald Trump \u00e0 son arriv\u00e9e \u00e0 l&rsquo;a\u00e9roport de Prestwick, en Ecosse, le 25 juillet 2025 ( AFP \/ Brendan SMIALOWSKI )<\/p>\n<p>\n Ce dernier ne passe pas pour \u00eatre f\u00e9ru de golf comme le r\u00e9publicain de 79 ans et il cherchera surtout \u00e0 rester dans ses petits papiers, apr\u00e8s avoir jusqu&rsquo;ici \u00e9vit\u00e9 que son pays ne soit frapp\u00e9 de droits de douane exorbitants.\n<\/p>\n<p>\n Les Etats-Unis et le Royaume-Uni ont annonc\u00e9 en mai un accord commercial, mais Londres s&rsquo;inqui\u00e8te de la volont\u00e9 exprim\u00e9e par Donald Trump de le \u00ab\u00a0peaufiner\u00a0\u00bb.\n<\/p>\n<p>\n A son arriv\u00e9e en Ecosse, Donald Trump a toutefois affirm\u00e9 que l&rsquo;heure serait \u00e0 la \u00ab\u00a0c\u00e9l\u00e9bration\u00a0\u00bb. \u00ab\u00a0L&rsquo;accord est conclu\u00a0\u00bb avec Londres, a-t-il insist\u00e9, ajoutant que les deux dirigeants parleraient \u00ab\u00a0d&rsquo;autres choses\u00a0\u00bb.\n<\/p>\n<p>\n Avant son d\u00e9part de Washington, il a n\u00e9anmoins sembl\u00e9 doucher les espoirs britanniques d&rsquo;obtenir des droits de douane durablement r\u00e9duits sur l&rsquo;acier et l&rsquo;aluminium. Londres a jusqu&rsquo;ici \u00e9t\u00e9 exempt\u00e9 des 50% de droits appliqu\u00e9s aux importations par les Etats-Unis.\n<\/p>\n<p>\n \u00ab\u00a0Si je le fais pour un, je devrais le faire pour tous\u00a0\u00bb, a-t-il affirm\u00e9.\n<\/p>\n<p> &#8211; Immigration &#8211;<\/p>\n<p>\n En Ecosse, la guerre dans la bande de Gaza sera sans doute un sujet de discussion, au moment o\u00f9 le Premier ministre travailliste est appel\u00e9 par plus de 220 d\u00e9put\u00e9s \u00e0 embo\u00eeter le pas au pr\u00e9sident fran\u00e7ais Emmanuel Macron pour reconna\u00eetre l&rsquo;Etat de Palestine.\n<\/p>\n<p>        <img decoding=\"async\" src=\"https:\/\/www.europesays.com\/fr\/wp-content\/uploads\/2025\/07\/d2a4750b79c192a5e03b99a064959b27-760x507.jpg\" alt=\"Le pr\u00e9sident am\u00e9ricain Donald Trump et sa d\u00e9l\u00e9gation arrivent au complexe Trump Turnberry Golf Courses \u00e0 Turnberry, en Ecosse, le 25 juillet 2025 ( AFP \/ Brendan SMIALOWSKI )\" loading=\"eager\" width=\"760\" height=\"507\" style=\"max-width: 100%!important; height: auto;\"\/><\/p>\n<p class=\"c-image-news__legend\">Le pr\u00e9sident am\u00e9ricain Donald Trump et sa d\u00e9l\u00e9gation arrivent au complexe Trump Turnberry Golf Courses \u00e0 Turnberry, en Ecosse, le 25 juillet 2025 ( AFP \/ Brendan SMIALOWSKI )<\/p>\n<p>\n A son arriv\u00e9e, Donald Trump a \u00e9galement \u00e9voqu\u00e9 l&rsquo;immigration en Europe, appelant les pays europ\u00e9ens \u00ab\u00a0\u00e0 se ressaisir\u00a0\u00bb et \u00e0 \u00ab\u00a0mettre un terme \u00e0 cette horrible invasion\u00a0\u00bb, en prenant exemple sur sa propre politique d&rsquo;expulsions de sans-papiers.\n<\/p>\n<p>\n En traversant l&rsquo;Atlantique, Donald Trump sera \u00e0 distance, au moins g\u00e9ographiquement, des rebondissements de la tr\u00e8s embarrassante affaire Jeffrey Epstein, un riche financier accus\u00e9 de crimes sexuels et mort en prison en 2019 avant son proc\u00e8s.\n<\/p>\n<p>\n Certains de ses partisans lui reprochent de manquer de transparence \u00e0 propos de cette ancienne figure de la jet-set new-yorkaise, avec laquelle lui-m\u00eame entretenait une relation amicale et qui est devenue le symbole pour toute une frange du mouvement \u00ab\u00a0MAGA\u00a0\u00bb des turpitudes d&rsquo;une \u00e9lite prot\u00e9g\u00e9e.\n<\/p>\n<p>\n Depuis l&rsquo;Ecosse, il a assur\u00e9 n&rsquo;avoir jamais \u00e9t\u00e9 \u00ab\u00a0inform\u00e9\u00a0\u00bb que son nom figurait dans les dossiers judiciaires li\u00e9es \u00e0 l&rsquo;ancien financier.\n<\/p>\n<p>\n Donald Trump sera de retour au Royaume-Uni en septembre, pour une visite d&rsquo;Etat \u00e0 l&rsquo;invitation du roi Charles III s&rsquo;annon\u00e7ant fastueuse.\n<\/p>\n<p> &#8211; Manifestations &#8211;<\/p>\n<p>\n Il avait assur\u00e9 au cours d&rsquo;une pr\u00e9c\u00e9dente visite, en 2023, se sentir \u00ab\u00a0\u00e0 la maison\u00a0\u00bb en Ecosse o\u00f9 sa m\u00e8re, Mary Anne MacLeod, a grandi avant d&rsquo;\u00e9migrer \u00e0 18 ans aux Etats-Unis.\n<\/p>\n<p>        <img decoding=\"async\" src=\"https:\/\/www.europesays.com\/fr\/wp-content\/uploads\/2025\/07\/1d11782447a97f9bda9b9647a5d1911c-760x470.jpg\" alt=\"Un partisan de Donald Trump attend l'arriv\u00e9e du pr\u00e9sident am\u00e9ricain \u00e0 l'a\u00e9roport de Prestwick, en Ecosse, le 25 juillet 2025 ( AFP \/ ANDY BUCHANAN )\" loading=\"eager\" width=\"760\" height=\"470\" style=\"max-width: 100%!important; height: auto;\"\/><\/p>\n<p class=\"c-image-news__legend\">Un partisan de Donald Trump attend l&rsquo;arriv\u00e9e du pr\u00e9sident am\u00e9ricain \u00e0 l&rsquo;a\u00e9roport de Prestwick, en Ecosse, le 25 juillet 2025 ( AFP \/ ANDY BUCHANAN )<\/p>\n<p>\n Son affection n&rsquo;est pas forc\u00e9ment r\u00e9ciproque: des manifestations sont pr\u00e9vues samedi \u00e0 Edimbourg et \u00e0 Aberdeen, ainsi qu&rsquo;\u00e0 proximit\u00e9 de ses golfs, pour protester contre sa pr\u00e9sence.\n<\/p>\n<p>\n En 2018, sa pr\u00e9c\u00e9dente visite \u00e0 Turnberry avait pouss\u00e9 des milliers de personnes \u00e0 manifester \u00e0 Glasgow et \u00e0 Edimbourg.\n<\/p>\n<p>\n Le Premier ministre \u00e9cossais, John Swinney, a annonc\u00e9 qu&rsquo;il rencontrerait Donald Trump pendant sa visite, soulignant que l&rsquo;Ecosse \u00ab\u00a0entretient une amiti\u00e9 solide avec les Etats-Unis depuis des si\u00e8cles\u00a0\u00bb.\n<\/p>\n<p>\n La construction d&rsquo;un nouveau parcours par le groupe aujourd&rsquo;hui dirig\u00e9 par les fils de Donald Trump a suscit\u00e9 du m\u00e9contentement \u00e0 Balmedie, dans l&rsquo;Aberdeenshire, de la part de certains riverains et d&rsquo;\u00e9lus \u00e9cologistes.\n<\/p>\n<p>\n Ce n&rsquo;est que l&rsquo;un des nombreux projets, immobiliers ou autres, \u00e0 travers le monde de la famille Trump.\n<\/p>\n<p>\n Si Donald Trump n&rsquo;a plus l\u00e9galement le contr\u00f4le de la holding familiale, ses opposants lui reprochent de multiplier les conflits d&rsquo;int\u00e9r\u00eats en se servant de ses fonctions de pr\u00e9sident pour pousser des investissements familiaux priv\u00e9s, notamment \u00e0 l&rsquo;\u00e9tranger.<\/p>\n","protected":false},"excerpt":{"rendered":"L&rsquo;avion pr\u00e9sidentiel am\u00e9ricain Air Force One atterrit \u00e0 Prestwick, en Ecosse, le 26 juillet 2025 ( AFP \/&hellip;\n","protected":false},"author":2,"featured_media":274165,"comment_status":"","ping_status":"","sticky":false,"template":"","format":"standard","meta":{"footnotes":""},"categories":[1418],"tags":[400,398,408,405,1011,27,1472,403,402,399,404,401,60,406,407],"class_list":{"0":"post-274164","1":"post","2":"type-post","3":"status-publish","4":"format-standard","5":"has-post-thumbnail","7":"category-golf","8":"tag-action-cac-40","9":"tag-bourse-de-paris","10":"tag-boursorama","11":"tag-cotations","12":"tag-fr","13":"tag-france","14":"tag-golf","15":"tag-indices-devises","16":"tag-investir","17":"tag-investissement","18":"tag-marche-boursier","19":"tag-sicav","20":"tag-sports","21":"tag-trackers","22":"tag-warrants"},"share_on_mastodon":{"url":"https:\/\/pubeurope.com\/@fr\/114917077502933863","error":""},"_links":{"self":[{"href":"https:\/\/www.europesays.com\/fr\/wp-json\/wp\/v2\/posts\/274164","targetHints":{"allow":["GET"]}}],"collection":[{"href":"https:\/\/www.europesays.com\/fr\/wp-json\/wp\/v2\/posts"}],"about":[{"href":"https:\/\/www.europesays.com\/fr\/wp-json\/wp\/v2\/types\/post"}],"author":[{"embeddable":true,"href":"https:\/\/www.europesays.com\/fr\/wp-json\/wp\/v2\/users\/2"}],"replies":[{"embeddable":true,"href":"https:\/\/www.europesays.com\/fr\/wp-json\/wp\/v2\/comments?post=274164"}],"version-history":[{"count":0,"href":"https:\/\/www.europesays.com\/fr\/wp-json\/wp\/v2\/posts\/274164\/revisions"}],"wp:featuredmedia":[{"embeddable":true,"href":"https:\/\/www.europesays.com\/fr\/wp-json\/wp\/v2\/media\/274165"}],"wp:attachment":[{"href":"https:\/\/www.europesays.com\/fr\/wp-json\/wp\/v2\/media?parent=274164"}],"wp:term":[{"taxonomy":"category","embeddable":true,"href":"https:\/\/www.europesays.com\/fr\/wp-json\/wp\/v2\/categories?post=274164"},{"taxonomy":"post_tag","embeddable":true,"href":"https:\/\/www.europesays.com\/fr\/wp-json\/wp\/v2\/tags?post=274164"}],"curies":[{"name":"wp","href":"https:\/\/api.w.org\/{rel}","templated":true}]}}