{"id":274168,"date":"2025-07-26T02:04:12","date_gmt":"2025-07-26T02:04:12","guid":{"rendered":"https:\/\/www.europesays.com\/fr\/274168\/"},"modified":"2025-07-26T02:04:12","modified_gmt":"2025-07-26T02:04:12","slug":"adrian-motoc-sengage-avec-nice","status":"publish","type":"post","link":"https:\/\/www.europesays.com\/fr\/274168\/","title":{"rendered":"Adrian Motoc s\u2019engage avec Nice"},"content":{"rendered":"<p class=\"fig-paragraph\">Apr\u00e8s avoir annonc\u00e9 la signature de l\u2019international fran\u00e7ais de Rugby \u00e0 7 Jean-Pascal Barraque,\u00a0<a href=\"http:\/\/www.lefigaro.fr\/sports\/rugby\/rugby-jean-pascal-barraque-s-envole-pour-nissa-rugby-20250724\" data-fig-type=\"NewsFlash\" data-gtm-custom-categorie=\"navigation\" data-gtm-custom-action=\"crossclick\" data-gtm-custom-label=\"Contextuel\" data-gtm-event=\"customEventSPE\" data-fig-domain=\"LEFIGARO\" target=\"_blank\" rel=\"noopener\">Nissa Rugby<\/a>\u00a0continue de se renforcer avec l\u2019arriv\u00e9e de l\u2019international roumain Adrian Motoc qui \u00e9voluait au Biarritz Olympique depuis 2022. Une nouvelle recrue sur la C\u00f4te d\u2019Azur pour un club qui a l\u2019ambition de remonter en Pro D2 d\u00e8s la saison prochaine.<\/p>\n<p class=\"fig-paragraph\">En effet, alors que le Nissa Rugby a recrut\u00e9 des grands noms pour sa ligne arri\u00e8re, le Pr\u00e9sident, Jean-Baptiste Aldig\u00e9 se penche d\u00e9sormais sur le cas des avants. Pass\u00e9 par le Stade aurillacois, Motos va apporter son exp\u00e9rience dans une \u00e9quipe d\u00e9j\u00e0 bien arm\u00e9e.<\/p>\n","protected":false},"excerpt":{"rendered":"Apr\u00e8s avoir annonc\u00e9 la signature de l\u2019international fran\u00e7ais de Rugby \u00e0 7 Jean-Pascal Barraque,\u00a0Nissa Rugby\u00a0continue de se renforcer&hellip;\n","protected":false},"author":2,"featured_media":274169,"comment_status":"","ping_status":"","sticky":false,"template":"","format":"standard","meta":{"footnotes":""},"categories":[1416],"tags":[1011,27,41367,2308,479,1468,60],"class_list":{"0":"post-274168","1":"post","2":"type-post","3":"status-publish","4":"format-standard","5":"has-post-thumbnail","7":"category-rugby","8":"tag-fr","9":"tag-france","10":"tag-jean-baptiste-aldige","11":"tag-pro-d2","12":"tag-rugby","13":"tag-rugby-football","14":"tag-sports"},"share_on_mastodon":{"url":"https:\/\/pubeurope.com\/@fr\/114917085258276634","error":""},"_links":{"self":[{"href":"https:\/\/www.europesays.com\/fr\/wp-json\/wp\/v2\/posts\/274168","targetHints":{"allow":["GET"]}}],"collection":[{"href":"https:\/\/www.europesays.com\/fr\/wp-json\/wp\/v2\/posts"}],"about":[{"href":"https:\/\/www.europesays.com\/fr\/wp-json\/wp\/v2\/types\/post"}],"author":[{"embeddable":true,"href":"https:\/\/www.europesays.com\/fr\/wp-json\/wp\/v2\/users\/2"}],"replies":[{"embeddable":true,"href":"https:\/\/www.europesays.com\/fr\/wp-json\/wp\/v2\/comments?post=274168"}],"version-history":[{"count":0,"href":"https:\/\/www.europesays.com\/fr\/wp-json\/wp\/v2\/posts\/274168\/revisions"}],"wp:featuredmedia":[{"embeddable":true,"href":"https:\/\/www.europesays.com\/fr\/wp-json\/wp\/v2\/media\/274169"}],"wp:attachment":[{"href":"https:\/\/www.europesays.com\/fr\/wp-json\/wp\/v2\/media?parent=274168"}],"wp:term":[{"taxonomy":"category","embeddable":true,"href":"https:\/\/www.europesays.com\/fr\/wp-json\/wp\/v2\/categories?post=274168"},{"taxonomy":"post_tag","embeddable":true,"href":"https:\/\/www.europesays.com\/fr\/wp-json\/wp\/v2\/tags?post=274168"}],"curies":[{"name":"wp","href":"https:\/\/api.w.org\/{rel}","templated":true}]}}