{"id":274171,"date":"2025-07-26T02:07:16","date_gmt":"2025-07-26T02:07:16","guid":{"rendered":"https:\/\/www.europesays.com\/fr\/274171\/"},"modified":"2025-07-26T02:07:16","modified_gmt":"2025-07-26T02:07:16","slug":"pau-alsina-se-tue-a-lentrainement-le-juniorgp-a-nouveau-endeuille","status":"publish","type":"post","link":"https:\/\/www.europesays.com\/fr\/274171\/","title":{"rendered":"Pau Alsina se tue \u00e0 l\u2019entrainement, le JuniorGP \u00e0 nouveau endeuill\u00e9"},"content":{"rendered":"<p>\tPau Alsina se tue \u00e0 l\u2019entrainement, le JuniorGP \u00e0 nouveau endeuill\u00e9 &#8211; Moto-Station<\/p>\n<ul class=\"breadcrumb-l\">\n<li><a href=\"https:\/\/moto-station.com\/\" rel=\"nofollow noopener\" target=\"_blank\">Accueil<\/a><\/li>\n<li><a href=\"https:\/\/moto-station.com\/gp-racing\" rel=\"nofollow noopener\" target=\"_blank\">Sport<\/a><\/li>\n<li><a href=\"https:\/\/moto-station.com\/categorie\/sport\/cev\" rel=\"nofollow noopener\" target=\"_blank\">CEV<\/a><\/li>\n<li class=\"desktop\">Pau Alsina se tue \u00e0 l\u2019entrainement, le JuniorGP \u00e0 nouveau endeuill\u00e9<\/li>\n<\/ul>\n<p>                                                <a rel=\"nofollow noopener\" href=\"https:\/\/moto-station.com\/gp-racing\/cev\/pau-alsina-se-tue-a-lentrainement-le-juniorgp-a-nouveau-endeuille\/705997\/attachment\/team_estrella_galicia_00_previa_jerez_2025_2-2\" target=\"_blank\"><br \/>\n                        <img loading=\"lazy\" width=\"768\" height=\"511\" src=\"https:\/\/www.europesays.com\/fr\/wp-content\/uploads\/2025\/07\/Team_Estrella_Galicia_00_Previa_Jerez_2025_2-2-768x511.jpg\" class=\"attachment-medium_large size-medium_large wp-post-image\" alt=\"Pau Alsina\" decoding=\"async\"  \/><br \/>\n                    <\/a><\/p>\n<p><strong> Le jeune pilote espagnol prometteur Pau Alsina est d\u00e9c\u00e9d\u00e9 lundi apr\u00e8s une lourde chute samedi dernier lors d\u2019une session d\u2019entrainement \u00e0 Aragon. Il avait 17 ans.<\/strong><\/p>\n<p>Deux semaines apr\u00e8s l<a href=\"https:\/\/moto-station.com\/gp-racing\/moto2\/deces-du-pilote-borja-gomez-sur-le-circuit-de-magny-cours\/704532\" rel=\"nofollow noopener\" target=\"_blank\">a disparition de Borja Gomez<\/a> suite \u00e0 une chute lors des essais Moto2 de la manche fran\u00e7aise du JuniorGP \u00e0 Magny-Cours, le championnat du monde Junior est de nouveau tristement endeuill\u00e9. Pau Alsina, 17 ans, a perdu la vie ce lundi apr\u00e8s deux jours pass\u00e9s \u00e0 l\u2019h\u00f4pital suite \u00e0 une chute lors d\u2019un entrainement sur le circuit d\u2019Aragon pour pr\u00e9parer la prochaine manche du championnat. Il roulait pour le team Estrella Galicia en JuniorGP, l\u2019antichambre du championnat du monde Moto3. La r\u00e9daction de Moto-Station adresse ses sinc\u00e8res condol\u00e9ances \u00e0 sa famille et ses proches.<\/p>\n<blockquote class=\"instagram-media\" style=\"background: #FFF; border: 0; border-radius: 3px; box-shadow: 0 0 1px 0 rgba(0,0,0,0.5),0 1px 10px 0 rgba(0,0,0,0.15); margin: 1px; max-width: 540px; min-width: 326px; padding: 0; width: calc(100% - 2px);\" data-instgrm-captioned=\"\" data-instgrm-permalink=\"https:\/\/www.instagram.com\/p\/DMYBzjSIL_B\/?utm_source=ig_embed&amp;utm_campaign=loading\" data-instgrm-version=\"14\">\n<\/blockquote>\n<blockquote class=\"instagram-media\" style=\"background: #FFF; border: 0; border-radius: 3px; box-shadow: 0 0 1px 0 rgba(0,0,0,0.5),0 1px 10px 0 rgba(0,0,0,0.15); margin: 1px; max-width: 540px; min-width: 326px; padding: 0; width: calc(100% - 2px);\" data-instgrm-captioned=\"\" data-instgrm-permalink=\"https:\/\/www.instagram.com\/p\/DLxoeCQohiH\/?utm_source=ig_embed&amp;utm_campaign=loading\" data-instgrm-version=\"14\">\n<\/blockquote>\n<p>            <img loading=\"lazy\" decoding=\"async\" class=\"lb-image\" src=\"data:image\/gif;base64,R0lGODlhAQABAIAAAP\/\/\/wAAACH5BAEAAAAALAAAAAABAAEAAAICRAEAOw==\" width=\"1\" height=\"1\"\/><\/p>\n<p>https:\/\/moto-station.com\/wp-admin\/admin-ajax.php<\/p>\n<p><script async src=\"\/\/www.instagram.com\/embed.js\"><\/script><\/p>\n","protected":false},"excerpt":{"rendered":"Pau Alsina se tue \u00e0 l\u2019entrainement, le JuniorGP \u00e0 nouveau endeuill\u00e9 &#8211; Moto-Station Accueil Sport CEV Pau Alsina&hellip;\n","protected":false},"author":2,"featured_media":274172,"comment_status":"","ping_status":"","sticky":false,"template":"","format":"standard","meta":{"footnotes":""},"categories":[1413],"tags":[1011,27,1457,1456,60],"class_list":{"0":"post-274171","1":"post","2":"type-post","3":"status-publish","4":"format-standard","5":"has-post-thumbnail","7":"category-moto","8":"tag-fr","9":"tag-france","10":"tag-moto","11":"tag-motocycle","12":"tag-sports"},"share_on_mastodon":{"url":"https:\/\/pubeurope.com\/@fr\/114917097109423357","error":""},"_links":{"self":[{"href":"https:\/\/www.europesays.com\/fr\/wp-json\/wp\/v2\/posts\/274171","targetHints":{"allow":["GET"]}}],"collection":[{"href":"https:\/\/www.europesays.com\/fr\/wp-json\/wp\/v2\/posts"}],"about":[{"href":"https:\/\/www.europesays.com\/fr\/wp-json\/wp\/v2\/types\/post"}],"author":[{"embeddable":true,"href":"https:\/\/www.europesays.com\/fr\/wp-json\/wp\/v2\/users\/2"}],"replies":[{"embeddable":true,"href":"https:\/\/www.europesays.com\/fr\/wp-json\/wp\/v2\/comments?post=274171"}],"version-history":[{"count":0,"href":"https:\/\/www.europesays.com\/fr\/wp-json\/wp\/v2\/posts\/274171\/revisions"}],"wp:featuredmedia":[{"embeddable":true,"href":"https:\/\/www.europesays.com\/fr\/wp-json\/wp\/v2\/media\/274172"}],"wp:attachment":[{"href":"https:\/\/www.europesays.com\/fr\/wp-json\/wp\/v2\/media?parent=274171"}],"wp:term":[{"taxonomy":"category","embeddable":true,"href":"https:\/\/www.europesays.com\/fr\/wp-json\/wp\/v2\/categories?post=274171"},{"taxonomy":"post_tag","embeddable":true,"href":"https:\/\/www.europesays.com\/fr\/wp-json\/wp\/v2\/tags?post=274171"}],"curies":[{"name":"wp","href":"https:\/\/api.w.org\/{rel}","templated":true}]}}