{"id":274185,"date":"2025-07-26T02:16:12","date_gmt":"2025-07-26T02:16:12","guid":{"rendered":"https:\/\/www.europesays.com\/fr\/274185\/"},"modified":"2025-07-26T02:16:12","modified_gmt":"2025-07-26T02:16:12","slug":"une-bande-annonce-francaise-et-une-affiche-imax-pour-demon-slayer-kimetsu-no-yaiba-la-forteresse-infinie-25-juillet-2025","status":"publish","type":"post","link":"https:\/\/www.europesays.com\/fr\/274185\/","title":{"rendered":"Une bande-annonce fran\u00e7aise et une affiche IMAX pour Demon Slayer : Kimetsu no Yaiba La Forteresse Infinie, 25 Juillet 2025"},"content":{"rendered":"<p style=\"text-align: justify;\">Pour c\u00e9l\u00e9brer la sortie du film le week-end dernier au Japon o\u00f9 il bat d\u00e9j\u00e0 des records d&rsquo;affluence, <strong>Crunchyroll <\/strong>a d\u00e9voil\u00e9 la nouvelle affiche exclusive IMAX\u00ae de Demon Slayer : Kimetsu no Yaiba La Forteresse Infinie.<\/p>\n<p>Rappelons que ce nouveau film, premier opus de la trilogie du studio ufotable poursuivant l&rsquo;adaptation du manga \u00e9ponyme, sera \u00e0 d\u00e9couvrir uniquement au cin\u00e9ma le <strong>17 septembre 2025<\/strong> en France.<\/p>\n<p style=\"text-align: justify;\">Une nouvelle bande-annonce fran\u00e7aise a \u00e9galement \u00e9t\u00e9 d\u00e9voil\u00e9e et est visible ci-dessous !<\/p>\n<p style=\"text-align: justify;\"><img decoding=\"async\" src=\"https:\/\/www.europesays.com\/fr\/wp-content\/uploads\/2025\/07\/demon-slayer-forteresse-infinie-affiche-imax.webp.webp\" alt=\"\" style=\"width: 100%; max-width: 468px; height: auto; max-height: 702px;\"\/><\/p>\n<p>Synopsis du film :\u00a0<\/p>\n<p>Tanjir\u00f4 Kamado a rejoint une organisation d\u00e9di\u00e9e \u00e0 la chasse aux d\u00e9mons, les pourfendeurs de d\u00e9mons, apr\u00e8s que sa jeune s\u0153ur Nezuko ait \u00e9t\u00e9 transform\u00e9e en d\u00e9mon.\u00a0<\/p>\n<p>Devenant de plus en plus fort et proche des autres membres de l&rsquo;arm\u00e9e, Tanjir\u00f4 affronte de nombreux d\u00e9mons en compagnie de ses camarades, Zen&rsquo;itsu Agatsuma et Inosuke Hashibira. Ses aventures l&rsquo;ont amen\u00e9 \u00e0 se battre aux c\u00f4t\u00e9s des combattants les plus hauts plac\u00e9s de l&rsquo;arm\u00e9e des pourfendeurs de d\u00e9mons, les piliers, tels que le pilier de la flamme, Ky\u00f4jur\u00f4 Rengoku, dans le train de l&rsquo;infini, le pilier du son, Tengen Uzui, dans le quartier des plaisirs, ainsi que le pilier de la brume, Muichir\u00f4 Tokit\u00f4, et le pilier de l&rsquo;amour, Mitsuri Kanroji, dans le village des forgerons.<\/p>\n<p>Alors que l&rsquo;arm\u00e9e des pourfendeurs de d\u00e9mons et les piliers s&rsquo;exer\u00e7aient lors d&rsquo;une session d&rsquo;entra\u00eenement en pr\u00e9vision du futur affrontement contre les d\u00e9mons, Muzan Kibutsuji fait son apparition au manoir Ubuyashiki. Le responsable de l&rsquo;arm\u00e9e \u00e9tant en danger, Tanjir\u00f4 et les piliers se ruent vers le quartier g\u00e9n\u00e9ral, mais tombent dans le pi\u00e8ge tendu par Muzan Kibutsuji et se retrouvent coinc\u00e9s dans les profondeurs d&rsquo;un espace myst\u00e9rieux.<\/p>\n<p>Tanjir\u00f4 et le reste de l&rsquo;arm\u00e9e des pourfendeurs de d\u00e9mons sont t\u00e9l\u00e9port\u00e9s dans le bastion des d\u00e9mons : la Forteresse infinie. C&rsquo;est l\u00e0 que s&#8217;embrasera l&rsquo;ultime combat entre l&rsquo;arm\u00e9e des pourfendeurs de d\u00e9mons et les forces d\u00e9moniaques.<\/p>\n<p style=\"text-align: justify;\">Bande-annonce fran\u00e7aise :<\/p>\n<p style=\"text-align: justify;\">\u00a0\u00a0<\/p><\/p>\n","protected":false},"excerpt":{"rendered":"Pour c\u00e9l\u00e9brer la sortie du film le week-end dernier au Japon o\u00f9 il bat d\u00e9j\u00e0 des records d&rsquo;affluence,&hellip;\n","protected":false},"author":2,"featured_media":274186,"comment_status":"","ping_status":"","sticky":false,"template":"","format":"standard","meta":{"footnotes":""},"categories":[1354],"tags":[1111,47,2566,58,59,1346,1011,27,1922,6681,6683,2567,6682,1360,1404,41368],"class_list":{"0":"post-274185","1":"post","2":"type-post","3":"status-publish","4":"format-standard","5":"has-post-thumbnail","7":"category-films","8":"tag-actu","9":"tag-actualite","10":"tag-anime","11":"tag-divertissement","12":"tag-entertainment","13":"tag-films","14":"tag-fr","15":"tag-france","16":"tag-info","17":"tag-manga","18":"tag-manga-news","19":"tag-manga-news-com","20":"tag-mangas","21":"tag-movies","22":"tag-quotidien","23":"tag-une-bande-annonce-francaise-et-une-affiche-imax-pour-demon-slayer-kimetsu-no-yaiba-la-forteresse-infinie"},"share_on_mastodon":{"url":"https:\/\/pubeurope.com\/@fr\/114917132578005090","error":""},"_links":{"self":[{"href":"https:\/\/www.europesays.com\/fr\/wp-json\/wp\/v2\/posts\/274185","targetHints":{"allow":["GET"]}}],"collection":[{"href":"https:\/\/www.europesays.com\/fr\/wp-json\/wp\/v2\/posts"}],"about":[{"href":"https:\/\/www.europesays.com\/fr\/wp-json\/wp\/v2\/types\/post"}],"author":[{"embeddable":true,"href":"https:\/\/www.europesays.com\/fr\/wp-json\/wp\/v2\/users\/2"}],"replies":[{"embeddable":true,"href":"https:\/\/www.europesays.com\/fr\/wp-json\/wp\/v2\/comments?post=274185"}],"version-history":[{"count":0,"href":"https:\/\/www.europesays.com\/fr\/wp-json\/wp\/v2\/posts\/274185\/revisions"}],"wp:featuredmedia":[{"embeddable":true,"href":"https:\/\/www.europesays.com\/fr\/wp-json\/wp\/v2\/media\/274186"}],"wp:attachment":[{"href":"https:\/\/www.europesays.com\/fr\/wp-json\/wp\/v2\/media?parent=274185"}],"wp:term":[{"taxonomy":"category","embeddable":true,"href":"https:\/\/www.europesays.com\/fr\/wp-json\/wp\/v2\/categories?post=274185"},{"taxonomy":"post_tag","embeddable":true,"href":"https:\/\/www.europesays.com\/fr\/wp-json\/wp\/v2\/tags?post=274185"}],"curies":[{"name":"wp","href":"https:\/\/api.w.org\/{rel}","templated":true}]}}