{"id":274189,"date":"2025-07-26T02:18:16","date_gmt":"2025-07-26T02:18:16","guid":{"rendered":"https:\/\/www.europesays.com\/fr\/274189\/"},"modified":"2025-07-26T02:18:16","modified_gmt":"2025-07-26T02:18:16","slug":"probablement-le-pire-circuit-ou-faire-la-pole","status":"publish","type":"post","link":"https:\/\/www.europesays.com\/fr\/274189\/","title":{"rendered":"Probablement le pire circuit o\u00f9 faire la pole"},"content":{"rendered":"<p><a href=\"https:\/\/fr.motorsport.com\/driver\/oscar-piastri\/835356\/\" target=\"_blank\" rel=\"noopener\">Oscar Piastri<\/a> n&rsquo;a pas laiss\u00e9 grand monde esp\u00e9rer ce vendredi \u00e0 Spa-Francorchamps. Apr\u00e8s avoir sign\u00e9 le meilleur temps des EL1 en semblant d\u00e9j\u00e0 afficher un haut niveau de confiance, le leader du championnat a repouss\u00e9 quasiment tout le monde \u00e0 une demi-seconde lors des qualifs sprint pour se hisser sur la premi\u00e8re place de la grille de d\u00e9part du sprint.<\/p>\n<p>Toutefois, les choses auraient pu se terminer de fa\u00e7on abrupte d\u00e8s la SQ2 quand son premier tour a \u00e9t\u00e9 annul\u00e9 pour d\u00e9passement des limites de piste au Raidillon de l&rsquo;Eau Rouge. Contraint d&rsquo;effectuer un second tour sur un train de mediums us\u00e9s, Piastri n&rsquo;a d\u00fb son salut qu&rsquo;\u00e0 une petite avance de 0&Prime;041 sur le 11e de ce second segment, <a href=\"https:\/\/fr.motorsport.com\/driver\/liam-lawson\/826061\/\" target=\"_blank\" rel=\"noopener\">Liam Lawson<\/a>.<\/p>\n<p>Mais en SQ3, sur le seul tour lanc\u00e9 que l&rsquo;ensemble des pilotes ont eu, il a fait parler la poudre : \u00ab\u00a0C&rsquo;\u00e9tait un bon tour\u00a0\u00bb, a-t-il lanc\u00e9 apr\u00e8s la s\u00e9ance, lui qui a battu en 1&rsquo;40&Prime;510 le pr\u00e9c\u00e9dent record absolu de la piste d\u00e9tenu par <a href=\"https:\/\/fr.motorsport.com\/driver\/lewis-hamilton\/76878\/\" target=\"_blank\" rel=\"noopener\">Lewis Hamilton<\/a> depuis 2020. \u00ab\u00a0Je me suis fait une petite frayeur en SQ2, avec l&rsquo;annulation du tour. Mais la voiture a \u00e9t\u00e9 g\u00e9niale toute la journ\u00e9e, et j&rsquo;ai l&rsquo;impression d&rsquo;avoir pu faire beaucoup de bons tours.\u00a0\u00bb<\/p>\n<p>\u00ab\u00a0Gr\u00e2ce \u00e0 l&rsquo;\u00e9quipe, la voiture a \u00e9t\u00e9 formidable. C&rsquo;est un circuit que j&rsquo;adore, c&rsquo;est l&rsquo;un de mes pr\u00e9f\u00e9r\u00e9s dans l&rsquo;ann\u00e9e. Peut-\u00eatre que cela m&rsquo;a donn\u00e9 quelques dixi\u00e8mes suppl\u00e9mentaires, mais c&rsquo;est toujours tr\u00e8s amusant ici. Et quand la voiture se comporte aussi bien qu&rsquo;aujourd&rsquo;hui, c&rsquo;est un vrai plaisir.\u00a0\u00bb<\/p>\n<p>Cette premi\u00e8re place sur la grille est toutefois \u00e0 double tranchant \u00e0 Spa : si l&rsquo;envol jusqu&rsquo;au premier virage est court et permet g\u00e9n\u00e9ralement de maintenir les commandes, le virage de La Source est suivi par une longue phase d&rsquo;acc\u00e9l\u00e9ration jusqu&rsquo;aux Combes. Or, face \u00e0 un <a href=\"https:\/\/fr.motorsport.com\/driver\/max-verstappen\/93029\/\" target=\"_blank\" rel=\"noopener\">Max Verstappen<\/a> dont la <a href=\"https:\/\/fr.motorsport.com\/team\/red-bull\/553\/\" target=\"_blank\" rel=\"noopener\">Red Bull<\/a> a sembl\u00e9 particuli\u00e8rement v\u00e9loce, cela pourrait vite mettre Piastri en danger.<\/p>\n<p>\u00ab\u00a0Les Red Bull \u00e9taient tr\u00e8s rapides en ligne droite lors des essais\u00a0\u00bb, a rappel\u00e9 le pilote <a href=\"https:\/\/fr.motorsport.com\/team\/mclaren\/609\/\" target=\"_blank\" rel=\"noopener\">McLaren<\/a>. \u00ab\u00a0Je ne sais pas si c&rsquo;\u00e9tait pareil lors des qualifications, mais cela rend les choses difficiles. Spa est probablement le pire circuit pour faire la pole position. On verra bien, je vais aller jeter un \u0153il.\u00a0La voiture est tr\u00e8s performante et je me sentais bien aujourd&rsquo;hui, j&rsquo;esp\u00e8re donc que nous passerons une bonne journ\u00e9e demain.\u00a0\u00bb<\/p>\n<p>Lire aussi :<\/p>\n<p>Dans cet article<\/p>\n<p>Soyez le premier inform\u00e9 et souscrivez aux alertes mails pour recevoir les infos en temps r\u00e9el<\/p>\n<p>    S&rsquo;abonner aux alertes de news<\/p>\n","protected":false},"excerpt":{"rendered":"Oscar Piastri n&rsquo;a pas laiss\u00e9 grand monde esp\u00e9rer ce vendredi \u00e0 Spa-Francorchamps. Apr\u00e8s avoir sign\u00e9 le meilleur temps&hellip;\n","protected":false},"author":2,"featured_media":274190,"comment_status":"","ping_status":"","sticky":false,"template":"","format":"standard","meta":{"footnotes":""},"categories":[9],"tags":[1454,1011,27,38196,4475,2241,19528,60],"class_list":{"0":"post-274189","1":"post","2":"type-post","3":"status-publish","4":"format-standard","5":"has-post-thumbnail","7":"category-sports","8":"tag-formule-1","9":"tag-fr","10":"tag-france","11":"tag-gp-de-belgique","12":"tag-mclaren","13":"tag-oscar-piastri","14":"tag-spa-francorchamps","15":"tag-sports"},"share_on_mastodon":{"url":"https:\/\/pubeurope.com\/@fr\/114917140411106023","error":""},"_links":{"self":[{"href":"https:\/\/www.europesays.com\/fr\/wp-json\/wp\/v2\/posts\/274189","targetHints":{"allow":["GET"]}}],"collection":[{"href":"https:\/\/www.europesays.com\/fr\/wp-json\/wp\/v2\/posts"}],"about":[{"href":"https:\/\/www.europesays.com\/fr\/wp-json\/wp\/v2\/types\/post"}],"author":[{"embeddable":true,"href":"https:\/\/www.europesays.com\/fr\/wp-json\/wp\/v2\/users\/2"}],"replies":[{"embeddable":true,"href":"https:\/\/www.europesays.com\/fr\/wp-json\/wp\/v2\/comments?post=274189"}],"version-history":[{"count":0,"href":"https:\/\/www.europesays.com\/fr\/wp-json\/wp\/v2\/posts\/274189\/revisions"}],"wp:featuredmedia":[{"embeddable":true,"href":"https:\/\/www.europesays.com\/fr\/wp-json\/wp\/v2\/media\/274190"}],"wp:attachment":[{"href":"https:\/\/www.europesays.com\/fr\/wp-json\/wp\/v2\/media?parent=274189"}],"wp:term":[{"taxonomy":"category","embeddable":true,"href":"https:\/\/www.europesays.com\/fr\/wp-json\/wp\/v2\/categories?post=274189"},{"taxonomy":"post_tag","embeddable":true,"href":"https:\/\/www.europesays.com\/fr\/wp-json\/wp\/v2\/tags?post=274189"}],"curies":[{"name":"wp","href":"https:\/\/api.w.org\/{rel}","templated":true}]}}