{"id":274193,"date":"2025-07-26T02:20:16","date_gmt":"2025-07-26T02:20:16","guid":{"rendered":"https:\/\/www.europesays.com\/fr\/274193\/"},"modified":"2025-07-26T02:20:16","modified_gmt":"2025-07-26T02:20:16","slug":"nous-avons-decouvert-lombre-de-la-lune-la-mission-tianwen-2-de-la-chine-devoile-une-aventure-secrete-vers-une-quasi-lune-mysterieuse-innovant-fr","status":"publish","type":"post","link":"https:\/\/www.europesays.com\/fr\/274193\/","title":{"rendered":"\u00ab Nous avons d\u00e9couvert l\u2019ombre de la Lune \u00bb : la mission Tianwen 2 de la Chine d\u00e9voile une aventure secr\u00e8te vers une quasi-lune myst\u00e9rieuse &#8211; Innovant.fr"},"content":{"rendered":"<ol>\n<li><a href=\"https:\/\/news.google.com\/rss\/articles\/CBMi_AFBVV95cUxNVWM2MVpxWlNHWHZFWDZkRmpMRDdPV09QRjdfeXA5MkR3azc5aV9tY1JvMmZFZTdRU2p6OVp6NllHdVVBRURqcFJ1VHRZTTNWMWtDbVNBRDJJX09LR0NNZVJub2QyLTZGWXE4Q0NYMlV3MnVma3FDT3l4OS1QSGg4eUhRQkpUeHR3bjlWcWppVUU0bnQ3LUhrOFp6X09aLW13aUNZZ0s1QlBjSFF0UTBtbnFZWFFORlBCeWx0QXB4R2ZWRzNuS1hFUnQ4c0NGMm43WGpVeGMxVFlPUkdiTW5VZ0U4aEZ3M0FLQzBNOXR6bTduT2x2RG5qZjZPWWI?oc=5\" target=\"_blank\" rel=\"nofollow noopener\">\u00ab Nous avons d\u00e9couvert l\u2019ombre de la Lune \u00bb : la mission Tianwen 2 de la Chine d\u00e9voile une aventure secr\u00e8te vers une quasi-lune myst\u00e9rieuse<\/a>&nbsp;&nbsp;Innovant.fr<\/li>\n<li><a href=\"https:\/\/news.google.com\/rss\/articles\/CBMimAFBVV95cUxPTGR6TGRVZThlMk1vYkpIMW5Ebm5zZFYxR3BqQ2JqVG84b3AyMEoyNDR5ZkRZcThJbUZTaGpHVHQzU3pyWGpOOHVPY3RzUV9SelJwXzVzNkxhVGxfcnVPNUdlQmJkZDNBVlg1NWN6WVp1b2p5cVR0cHppbHNjdWNCWmhKSDdVdHhBbjJldGFaekM2ZkJfejFEUA?oc=5\" target=\"_blank\" rel=\"nofollow noopener\">Comment la Chine compte marcher sur la Lune avant 2030<\/a>&nbsp;&nbsp;www.cieletespace.fr<\/li>\n<li><a href=\"https:\/\/news.google.com\/rss\/articles\/CBMi7gFBVV95cUxQR04wUWJTcWdVbXVibU5KdXhzLVVodXJ6VWJkWGtPaWJyS3EwaFBfSm9QSnpsSDVNdExfNERHeW5pdUdRdTMweUJVRXhLSnB4YWxfQW5QTThBOHJlNGpHd1FzTE1uUWZQNXRiS05FY3JESXdyQkcyZHNheEtZalFmX2piM0phdkR5a2VXWGY4ODRZY0FmQUh2b0U2NWdGQVpFY1RyT3BJYkNXWnM3OE9USWJINzlpeHB0VWpOUlVUOWtleWtrUHJBMFNYdnNoeFZzS1VxcnhrWVNTd2J0Ul82ZmpDOUNhcTFLZkdmay1R?oc=5\" target=\"_blank\" rel=\"nofollow noopener\">R\u00e9v\u00e9lations : la Lune a subi le plus grand choc du Syst\u00e8me solaire\u2026 une mission chinoise en d\u00e9couvre les cons\u00e9quences<\/a>&nbsp;&nbsp;futura-sciences.com<\/li>\n<\/ol>\n","protected":false},"excerpt":{"rendered":"\u00ab Nous avons d\u00e9couvert l\u2019ombre de la Lune \u00bb : la mission Tianwen 2 de la Chine d\u00e9voile&hellip;\n","protected":false},"author":2,"featured_media":1445,"comment_status":"","ping_status":"","sticky":false,"template":"","format":"standard","meta":{"footnotes":""},"categories":[7],"tags":[1011,27,43,40,41,39,42,44],"class_list":{"0":"post-274193","1":"post","2":"type-post","3":"status-publish","4":"format-standard","5":"has-post-thumbnail","7":"category-sciences-et-technologies","8":"tag-fr","9":"tag-france","10":"tag-science","11":"tag-science-and-technology","12":"tag-sciences","13":"tag-sciences-et-technologies","14":"tag-technologies","15":"tag-technology"},"share_on_mastodon":{"url":"https:\/\/pubeurope.com\/@fr\/114917148161616008","error":""},"_links":{"self":[{"href":"https:\/\/www.europesays.com\/fr\/wp-json\/wp\/v2\/posts\/274193","targetHints":{"allow":["GET"]}}],"collection":[{"href":"https:\/\/www.europesays.com\/fr\/wp-json\/wp\/v2\/posts"}],"about":[{"href":"https:\/\/www.europesays.com\/fr\/wp-json\/wp\/v2\/types\/post"}],"author":[{"embeddable":true,"href":"https:\/\/www.europesays.com\/fr\/wp-json\/wp\/v2\/users\/2"}],"replies":[{"embeddable":true,"href":"https:\/\/www.europesays.com\/fr\/wp-json\/wp\/v2\/comments?post=274193"}],"version-history":[{"count":0,"href":"https:\/\/www.europesays.com\/fr\/wp-json\/wp\/v2\/posts\/274193\/revisions"}],"wp:featuredmedia":[{"embeddable":true,"href":"https:\/\/www.europesays.com\/fr\/wp-json\/wp\/v2\/media\/1445"}],"wp:attachment":[{"href":"https:\/\/www.europesays.com\/fr\/wp-json\/wp\/v2\/media?parent=274193"}],"wp:term":[{"taxonomy":"category","embeddable":true,"href":"https:\/\/www.europesays.com\/fr\/wp-json\/wp\/v2\/categories?post=274193"},{"taxonomy":"post_tag","embeddable":true,"href":"https:\/\/www.europesays.com\/fr\/wp-json\/wp\/v2\/tags?post=274193"}],"curies":[{"name":"wp","href":"https:\/\/api.w.org\/{rel}","templated":true}]}}