{"id":274194,"date":"2025-07-26T02:21:14","date_gmt":"2025-07-26T02:21:14","guid":{"rendered":"https:\/\/www.europesays.com\/fr\/274194\/"},"modified":"2025-07-26T02:21:14","modified_gmt":"2025-07-26T02:21:14","slug":"wall-street-en-hausse-nouveaux-records-de-cloture-25-07-2025-a-2241","status":"publish","type":"post","link":"https:\/\/www.europesays.com\/fr\/274194\/","title":{"rendered":"Wall Street en hausse, nouveaux records de cl\u00f4ture &#8211; 25\/07\/2025 \u00e0 22:41"},"content":{"rendered":"<p>        <img fetchpriority=\"high\" decoding=\"async\" src=\"https:\/\/www.europesays.com\/fr\/wp-content\/uploads\/2025\/07\/ff8e023fb2270c9d397bfe141d9d5481-760x507.jpg\" alt=\"Un trader travaille sur le parquet de la Bourse de New York (NYSE) \u00e0 New York\" loading=\"eager\" width=\"760\" height=\"507\" style=\"max-width: 100%!important; height: auto;\"\/><\/p>\n<p class=\"c-image-news__legend\">Un trader travaille sur le parquet de la Bourse de New York (NYSE) \u00e0 New York<\/p>\n<p>\n par Noel Randewich\n<\/p>\n<p>\n La Bourse de New York a fini en hausse vendredi, le S&amp;P 500 et le Nasdaq affichant encore des records de cl\u00f4ture, gr\u00e2ce \u00e0 l&rsquo;espoir d&rsquo;un accord commercial entre l&rsquo;Union europ\u00e9enne et les Etats-Unis.\n<\/p>\n<p>\n L&rsquo;indice Dow Jones a gagn\u00e9 0,47% \u00e0 44.901,92 points. Le Standard &amp; Poor&rsquo;s 500, plus large, a progress\u00e9 de 0,40% \u00e0 6.388,64 points. Le Nasdaq Composite a avanc\u00e9 de 0,24% \u00e0 21.108,32 points.\n<\/p>\n<p>\n Sur la semaine, selon des donn\u00e9es provisoires, le S&amp;P 500 a pris 1,46%, le Nasdaq 1,02% et le Dow Jones 1,26%.\n<\/p>\n<p>\n Le S&amp;P 500 a \u00e9tabli un record de cl\u00f4ture \u00e0 chaque s\u00e9ance cette semaine, une s\u00e9rie \u00ab\u00a0parfaite\u00a0\u00bb qui ne s&rsquo;\u00e9tait plus produite depuis novembre 2021.\n<\/p>\n<p>\n A de bons r\u00e9sultats d&rsquo;entreprises s&rsquo;ajoute l&rsquo;optimisme qui  pr\u00e9vaut sur la question des droits de douane, les investisseurs pariant sur une suite d&rsquo;accords commerciaux entre Washington et ses partenaires, apr\u00e8s le choc provoqu\u00e9 d\u00e9but avril par l&rsquo;annonce par Donald Trump de vastes taxes dites \u00ab\u00a0r\u00e9ciproques\u00a0\u00bb &#8211; pour la plupart suspendues dans la foul\u00e9e.\n<\/p>\n<p>\n Donald Trump a \u00e9valu\u00e9 vendredi \u00e0 50% les chances d&rsquo;un accord commercial entre les Etats-Unis et l&rsquo;UE, affirmant que Bruxelles souhaitait \u00ab\u00a0tr\u00e8s s\u00e9rieusement conclure un accord\u00a0\u00bb. La pr\u00e9sidente de la Commission europ\u00e9enne, Ursula von der Leyen, a annonc\u00e9 qu&rsquo;elle rencontrerait dimanche en Ecosse le pr\u00e9sident am\u00e9ricain pour un entretien consacr\u00e9 aux n\u00e9gociations commerciales.\n<\/p>\n<p>\n \u00ab\u00a0Le march\u00e9 anticipe le fait que ces accords seront conclus\u00a0\u00bb, note Thomas Martin, g\u00e9rant de portefeuilles \u00e0 Globalt. \u00ab\u00a0Personnellement, je suis un peu plus sceptique. Il faut rester prudent, car s&rsquo;ils ne se r\u00e9alisent pas, il y aura une plus grande marge de d\u00e9ception.\u00a0\u00bb\n<\/p>\n<p>\n C\u00f4t\u00e9 valeurs, Deckers Outdoor, fabricant des bottes UGG et des baskets Hoka, a vu son action grimper de 11% apr\u00e8s avoir fait \u00e9tat d&rsquo;une forte demande \u00e0 l&rsquo;international. Le fabricant de semi-conducteurs Intel a abandonn\u00e9 8,5% apr\u00e8s avoir annonc\u00e9 des pertes trimestrielles plus importantes que pr\u00e9vu.\n<\/p>\n<p>\n ========================================================                                      NYSE        Nasdaq   R\u00e9sum\u00e9 synth\u00e9tique du march\u00e9&#8230;&#8230;&#8230;..    25 plus forts volumes&#8230;&#8230;&#8230;&#8230;&#8230;&#8230;    Plus fortes hausses en %&#8230;&#8230;&#8230;&#8230;&#8230;    Plus fortes baisses en %&#8230;&#8230;&#8230;&#8230;&#8230;    Guide des indices boursiers am\u00e9ricains&#8230;.   Statistiques du march\u00e9&#8230;&#8230;&#8230;&#8230;&#8230;&#8230;&#8230;.   Emprunt de r\u00e9f\u00e9rence \u00e0 10 ans &#8230;&#8230;&#8230;&#8230;..   Guide des indices sectoriels am\u00e9ricains&#8230;   Guide des march\u00e9s actions am\u00e9ricains&#8230;&#8230;   Indices Dow Jones&#8230;&#8230;&#8230;&#8230;&#8230;&#8230;&#8230;&#8230;..   Indices S&amp;P&#8230;&#8230;&#8230;&#8230;&#8230;..   Valeurs ex-dividende&#8230;&#8230;&#8230;&#8230;&#8230;&#8230;&#8230;&#8230;&#8230;   Pr\u00e9visions pour le Dow Jones et le S&amp;P ..\n<\/p>\n<p>\n (Jean-St\u00e9phane Brosse pour la version fran\u00e7aise)<\/p>\n","protected":false},"excerpt":{"rendered":"Un trader travaille sur le parquet de la Bourse de New York (NYSE) \u00e0 New York par Noel&hellip;\n","protected":false},"author":2,"featured_media":274195,"comment_status":"","ping_status":"","sticky":false,"template":"","format":"standard","meta":{"footnotes":""},"categories":[6],"tags":[400,398,408,35,405,33,34,1011,27,403,402,399,404,401,406,407],"class_list":{"0":"post-274194","1":"post","2":"type-post","3":"status-publish","4":"format-standard","5":"has-post-thumbnail","7":"category-economie","8":"tag-action-cac-40","9":"tag-bourse-de-paris","10":"tag-boursorama","11":"tag-business","12":"tag-cotations","13":"tag-economie","14":"tag-economy","15":"tag-fr","16":"tag-france","17":"tag-indices-devises","18":"tag-investir","19":"tag-investissement","20":"tag-marche-boursier","21":"tag-sicav","22":"tag-trackers","23":"tag-warrants"},"share_on_mastodon":{"url":"https:\/\/pubeurope.com\/@fr\/114917152140202154","error":""},"_links":{"self":[{"href":"https:\/\/www.europesays.com\/fr\/wp-json\/wp\/v2\/posts\/274194","targetHints":{"allow":["GET"]}}],"collection":[{"href":"https:\/\/www.europesays.com\/fr\/wp-json\/wp\/v2\/posts"}],"about":[{"href":"https:\/\/www.europesays.com\/fr\/wp-json\/wp\/v2\/types\/post"}],"author":[{"embeddable":true,"href":"https:\/\/www.europesays.com\/fr\/wp-json\/wp\/v2\/users\/2"}],"replies":[{"embeddable":true,"href":"https:\/\/www.europesays.com\/fr\/wp-json\/wp\/v2\/comments?post=274194"}],"version-history":[{"count":0,"href":"https:\/\/www.europesays.com\/fr\/wp-json\/wp\/v2\/posts\/274194\/revisions"}],"wp:featuredmedia":[{"embeddable":true,"href":"https:\/\/www.europesays.com\/fr\/wp-json\/wp\/v2\/media\/274195"}],"wp:attachment":[{"href":"https:\/\/www.europesays.com\/fr\/wp-json\/wp\/v2\/media?parent=274194"}],"wp:term":[{"taxonomy":"category","embeddable":true,"href":"https:\/\/www.europesays.com\/fr\/wp-json\/wp\/v2\/categories?post=274194"},{"taxonomy":"post_tag","embeddable":true,"href":"https:\/\/www.europesays.com\/fr\/wp-json\/wp\/v2\/tags?post=274194"}],"curies":[{"name":"wp","href":"https:\/\/api.w.org\/{rel}","templated":true}]}}