{"id":274200,"date":"2025-07-26T02:24:23","date_gmt":"2025-07-26T02:24:23","guid":{"rendered":"https:\/\/www.europesays.com\/fr\/274200\/"},"modified":"2025-07-26T02:24:23","modified_gmt":"2025-07-26T02:24:23","slug":"disparition-de-delphine-jubillar-ce-magnet-au-message-lourd-de-sens-encore-colle-dans-la-maison-du-couple","status":"publish","type":"post","link":"https:\/\/www.europesays.com\/fr\/274200\/","title":{"rendered":"Disparition de Delphine Jubillar : ce magnet au message lourd de sens encore coll\u00e9 dans la maison du couple"},"content":{"rendered":"<p>C\u2019est dans le <a href=\"https:\/\/www.lefigaro.fr\/\" rel=\"nofollow noopener\" target=\"_blank\">Figaro<\/a> qu\u2019est fait un long r\u00e9cit sur l\u2019affaire<br \/>\nJubillar. Des ann\u00e9es apr\u00e8s les faits, qui se sont d\u00e9roul\u00e9s en<br \/>\nd\u00e9cembre 2020, le dossier fait \u00e0 nouveau parler \u00e0 l\u2019approche du<br \/>\nproc\u00e8s du principal suspect. Le 22 septembre prochain, C\u00e9dric<br \/>\nJubillar passera au tribunal pour d\u00e9couvrir de quoi les prochaines<br \/>\nann\u00e9es de sa vie seront faites. Un proc\u00e8s tr\u00e8s attendu, qui<br \/>\npourrait <strong>apporter quelques r\u00e9ponses aux tr\u00e8s nombreuses<br \/>\nquestions qui subsistent<\/strong>. Car aucune trace de <a href=\"https:\/\/www.closermag.fr\/vecu\/disparition-de-delphine-jubillar-ce-lieu-loufoque-ou-cedric-aurait-enterre-son-corps-3566825\" rel=\"noopener\" target=\"_blank\">Delphine Jubillar<\/a> n\u2019a pu \u00eatre retrouv\u00e9e depuis la nuit<br \/>\nde sa disparition.<\/p>\n<p>Et si C\u00e9dric Jubillar clame son innocence devant les forces de<br \/>\nl\u2019ordre, des propos qu\u2019il a tenus \u00e0 une ancienne compagne disent<br \/>\ntout le contraire. Auditionn\u00e9e le 23 juillet, sa derni\u00e8re petite<br \/>\namie en date a expliqu\u00e9 que lors d\u2019un parloir en avril, <a href=\"https:\/\/www.closermag.fr\/vecu\/disparition-de-delphine-jubillar-ca-le-fait-beaucoup-rigoler-ce-constat-acide-de-sa-derniere-compagne-3566832\" target=\"_blank\" rel=\"noopener\"><br \/>\nC\u00e9dric Jublliar<\/a> <strong>lui avait avou\u00e9 avoir tu\u00e9 sa<br \/>\nfemme<\/strong>. En attendant de savoir si des preuves seront un<br \/>\njour d\u00e9couverte, le Figaro s\u2019est rendu sur place, \u00e0 <a href=\"https:\/\/www.closermag.fr\/vecu\/disparition-de-delphine-jubillar-que-les-os-ces-confidences-de-cedric-donnent-des-haut-le-coeur-3566772\" target=\"_blank\" rel=\"noopener\"><br \/>\nCagnac-les-Mines<\/a>. La maison du couple, que C\u00e9dric Jubillar<br \/>\nconstruisait lui-m\u00eame, est \u00e0 l\u2019abandon.<\/p>\n<p>Un message qui en dit long chez les Jubillar<\/p>\n<p>Dans la cuisine, \u00ab\u00a0un aimantin \u2018Parce que je t\u2019aime\u2019 coll\u00e9 \u00e0<br \/>\nun placard\u00a0\u00bb d\u00e9crivent nos confr\u00e8res. Un magnet au message<br \/>\nlourd de sens <strong>au vu des soup\u00e7ons qui p\u00e8sent sur C\u00e9dric<br \/>\nJubillar<\/strong>. Ce dernier aurait eu du mal \u00e0 accepter l\u2019id\u00e9e du<br \/>\ndivorce, dont ils avaient commenc\u00e9 les d\u00e9marches. Delphine Jubillar<br \/>\nvoulait en effet se s\u00e9parer et avait d\u00e9j\u00e0 rencontr\u00e9 quelqu\u2019un<br \/>\nd\u2019autre. La piste d\u2019une dispute conjugale menant \u00e0 un drame fait<br \/>\ndonc partie des th\u00e9ories envisag\u00e9es.<\/p>\n<p>Il faut dire que, toujours selon ce qu\u2019il a dit \u00e0 son <a href=\"https:\/\/www.closermag.fr\/vecu\/disparition-de-delphine-jubillar-lex-compagne-de-cedric-jubillar-raconte-tout-de-son-audition-qui-pourrait-tout-changer-3566547\" rel=\"noopener\" target=\"_blank\">ex-compagne<\/a>, C\u00e9dric Jubillar aurait tu\u00e9 sa femme sur le<br \/>\ncanap\u00e9 qui tr\u00f4ne toujours dans leur salon. Il a m\u00eame assur\u00e9 avoir<br \/>\nlav\u00e9 la couette car <strong>Delphine Jubillar aurait urin\u00e9 dessus<br \/>\nlors de la strangulation.<\/strong> Couette que les gendarmes ont<br \/>\ntrouv\u00e9e en train de s\u00e9cher le lendemain, apr\u00e8s s\u2019\u00eatre \u00e9tonn\u00e9s que<br \/>\nC\u00e9dric Jubillar ait fait une machine en pleine nuit alors qu\u2019il<br \/>\nvenait de constater la disparition de sa femme.<\/p>\n<p>Le proc\u00e8s de C\u00e9dric Jubillar aura lieu<br \/>\nle 22 septembre<\/p>\n<p>Lors de son audition, l\u2019ex-compagne a \u00e9galement rapport\u00e9 que<br \/>\n<strong>C\u00e9dric Jubillar se serait d\u00e9barrass\u00e9 du moindre<br \/>\nindice<\/strong> qui pourrait le relier au crime. A-t-il r\u00e9ellement<br \/>\navou\u00e9 le meurtre\u00a0? Cherche-t-il \u00e0 embrouiller les<br \/>\nenqu\u00eateurs\u00a0avant son <a href=\"https:\/\/www.closermag.fr\/vecu\/faits_divers\/disparition-de-delphine-jubillar-les-proches-de-linfirmiere-agaces-par-le-dernier-rebondissement-3565980\" target=\"_blank\" rel=\"noopener\"><br \/>\nproc\u00e8s<\/a> ? Autant de r\u00e9ponses qui n\u2019arriveront peut-\u00eatre<br \/>\njamais\u2026<\/p>\n","protected":false},"excerpt":{"rendered":"C\u2019est dans le Figaro qu\u2019est fait un long r\u00e9cit sur l\u2019affaire Jubillar. Des ann\u00e9es apr\u00e8s les faits, qui&hellip;\n","protected":false},"author":2,"featured_media":274201,"comment_status":"","ping_status":"","sticky":false,"template":"","format":"standard","meta":{"footnotes":""},"categories":[2],"tags":[11,548,33030,33031,1011,27,12],"class_list":{"0":"post-274200","1":"post","2":"type-post","3":"status-publish","4":"format-standard","5":"has-post-thumbnail","7":"category-actualites","8":"tag-actualites","9":"tag-article-simple","10":"tag-cedric-jubillar","11":"tag-delphine-jubillar","12":"tag-fr","13":"tag-france","14":"tag-news"},"share_on_mastodon":{"url":"https:\/\/pubeurope.com\/@fr\/114917163875377477","error":""},"_links":{"self":[{"href":"https:\/\/www.europesays.com\/fr\/wp-json\/wp\/v2\/posts\/274200","targetHints":{"allow":["GET"]}}],"collection":[{"href":"https:\/\/www.europesays.com\/fr\/wp-json\/wp\/v2\/posts"}],"about":[{"href":"https:\/\/www.europesays.com\/fr\/wp-json\/wp\/v2\/types\/post"}],"author":[{"embeddable":true,"href":"https:\/\/www.europesays.com\/fr\/wp-json\/wp\/v2\/users\/2"}],"replies":[{"embeddable":true,"href":"https:\/\/www.europesays.com\/fr\/wp-json\/wp\/v2\/comments?post=274200"}],"version-history":[{"count":0,"href":"https:\/\/www.europesays.com\/fr\/wp-json\/wp\/v2\/posts\/274200\/revisions"}],"wp:featuredmedia":[{"embeddable":true,"href":"https:\/\/www.europesays.com\/fr\/wp-json\/wp\/v2\/media\/274201"}],"wp:attachment":[{"href":"https:\/\/www.europesays.com\/fr\/wp-json\/wp\/v2\/media?parent=274200"}],"wp:term":[{"taxonomy":"category","embeddable":true,"href":"https:\/\/www.europesays.com\/fr\/wp-json\/wp\/v2\/categories?post=274200"},{"taxonomy":"post_tag","embeddable":true,"href":"https:\/\/www.europesays.com\/fr\/wp-json\/wp\/v2\/tags?post=274200"}],"curies":[{"name":"wp","href":"https:\/\/api.w.org\/{rel}","templated":true}]}}