{"id":274202,"date":"2025-07-26T02:25:21","date_gmt":"2025-07-26T02:25:21","guid":{"rendered":"https:\/\/www.europesays.com\/fr\/274202\/"},"modified":"2025-07-26T02:25:21","modified_gmt":"2025-07-26T02:25:21","slug":"saint-etienne-arrete-a-grande-vitesse-avec-un-permis-suspendu-il-se-fait-passer-pour-son-frere","status":"publish","type":"post","link":"https:\/\/www.europesays.com\/fr\/274202\/","title":{"rendered":"Saint-\u00c9tienne. Arr\u00eat\u00e9 \u00e0 grande vitesse avec un permis suspendu, il se fait passer pour son fr\u00e8re"},"content":{"rendered":"<p>Il est un peu plus de quatre heures du matin, mercredi 23\u00a0juillet, quand une patrouille de la Brigade anticriminalit\u00e9 de nuit voit surgir, \u00e0 l\u2019arri\u00e8re de son v\u00e9hicule, une voiture \u00e0 vive allure rue du Dr\u00a0 Louis-Destre, dans le quartier de Monthieu, \u00e0 Saint-\u00c9tienne.<\/p>\n<p>  Bien connu des services de police<\/p>\n<p>Il n\u2019en faut pas davantage pour d\u00e9cider les policiers \u00e0 contr\u00f4ler le conducteur. Le jeune homme pr\u00e9sente une carte nationale d\u2019identit\u00e9 que les fonctionnaires passent au fichier. Ils apprennent que le titulaire de la carte est connu de leurs services pour de multiples faits. Mais surtout, ils constatent que le titulaire de la carte n\u2019est pas le conducteur pr\u00e9sent devant eux.<\/p>\n<p>Plac\u00e9 en garde \u00e0 vue, le chauffard a reconnu avoir usurp\u00e9 l\u2019identit\u00e9 de son fr\u00e8re en raison de sa suspension de permis de conduire, pour exc\u00e8s de vitesse. Le parquet de Saint-Etienne a d\u00e9cid\u00e9 de poursuivre ce jeune conducteur pour cette usurpation d\u2019identit\u00e9, le d\u00e9faut de contr\u00f4le technique et d\u2019assurance, la conduite malgr\u00e9 la suspension du permis et la vitesse excessive.<\/p>\n","protected":false},"excerpt":{"rendered":"Il est un peu plus de quatre heures du matin, mercredi 23\u00a0juillet, quand une patrouille de la Brigade&hellip;\n","protected":false},"author":2,"featured_media":274203,"comment_status":"","ping_status":"","sticky":false,"template":"","format":"standard","meta":{"footnotes":""},"categories":[9653],"tags":[1111,11,2430,271,272,7539,1777,674,274,1011,27,3367,12,25,4001,7538],"class_list":{"0":"post-274202","1":"post","2":"type-post","3":"status-publish","4":"format-standard","5":"has-post-thumbnail","7":"category-saint-etienne","8":"tag-actu","9":"tag-actualites","10":"tag-auvergne-rhone-alpes","11":"tag-crime","12":"tag-delit-et-contravention","13":"tag-edition-loire-sud","14":"tag-eu","15":"tag-europe","16":"tag-faits-divers-justice","17":"tag-fr","18":"tag-france","19":"tag-loire","20":"tag-news","21":"tag-republique-francaise","22":"tag-saint-etienne","23":"tag-saint-etienne-ville"},"share_on_mastodon":{"url":"https:\/\/pubeurope.com\/@fr\/114917167882806110","error":""},"_links":{"self":[{"href":"https:\/\/www.europesays.com\/fr\/wp-json\/wp\/v2\/posts\/274202","targetHints":{"allow":["GET"]}}],"collection":[{"href":"https:\/\/www.europesays.com\/fr\/wp-json\/wp\/v2\/posts"}],"about":[{"href":"https:\/\/www.europesays.com\/fr\/wp-json\/wp\/v2\/types\/post"}],"author":[{"embeddable":true,"href":"https:\/\/www.europesays.com\/fr\/wp-json\/wp\/v2\/users\/2"}],"replies":[{"embeddable":true,"href":"https:\/\/www.europesays.com\/fr\/wp-json\/wp\/v2\/comments?post=274202"}],"version-history":[{"count":0,"href":"https:\/\/www.europesays.com\/fr\/wp-json\/wp\/v2\/posts\/274202\/revisions"}],"wp:featuredmedia":[{"embeddable":true,"href":"https:\/\/www.europesays.com\/fr\/wp-json\/wp\/v2\/media\/274203"}],"wp:attachment":[{"href":"https:\/\/www.europesays.com\/fr\/wp-json\/wp\/v2\/media?parent=274202"}],"wp:term":[{"taxonomy":"category","embeddable":true,"href":"https:\/\/www.europesays.com\/fr\/wp-json\/wp\/v2\/categories?post=274202"},{"taxonomy":"post_tag","embeddable":true,"href":"https:\/\/www.europesays.com\/fr\/wp-json\/wp\/v2\/tags?post=274202"}],"curies":[{"name":"wp","href":"https:\/\/api.w.org\/{rel}","templated":true}]}}