{"id":274217,"date":"2025-07-26T02:42:18","date_gmt":"2025-07-26T02:42:18","guid":{"rendered":"https:\/\/www.europesays.com\/fr\/274217\/"},"modified":"2025-07-26T02:42:18","modified_gmt":"2025-07-26T02:42:18","slug":"la-justice-valide-lexpulsion-du-camp-du-heyritz-sans-exiger-dalternative","status":"publish","type":"post","link":"https:\/\/www.europesays.com\/fr\/274217\/","title":{"rendered":"La justice valide l\u2019expulsion du camp du Heyritz sans exiger d&rsquo;alternative"},"content":{"rendered":"<p class=\"wp-block-post-excerpt__excerpt\">Le tribunal administratif de Strasbourg a valid\u00e9 vendredi 25 juillet la demande de la Ville pour faire \u00e9vacuer le campement de migrants install\u00e9 dans le parc du Heyritz. Une centaine de personnes, dont plusieurs familles, devront quitter les lieux sous huit jours, sans qu\u2019aucune solution d\u2019h\u00e9bergement ne leur ait \u00e9t\u00e9 propos\u00e9e. <\/p>\n<p class=\"font-sans\">\n\t\t\tCet article est en acc\u00e8s libre. Pour soutenir Rue89 Strasbourg,<br \/>\n\t\t\t<a class=\"underline\" href=\"https:\/\/www.rue89strasbourg.com\/abonnement\" target=\"_blank\" rel=\"noopener\">abonnez-vous<\/a>.\n\t\t<\/p>\n<p>Camille Curnier<\/p>\n<p>Publi\u00e9 le 25 juillet 2025\u00a0\u00a0\u00b7\u00a0\u00a0<\/p>\n<p>Imprim\u00e9 le 26 juillet 2025 \u00e0 03h59\u00a0\u00a0\u00b7\u00a0\u00a0<\/p>\n<p>Modifi\u00e9 le 25 juillet 2025\u00a0\u00a0\u00b7\u00a0\u00a0<\/p>\n<p>\t\t\t\t\t3\u00a0minutes\n<\/p>\n<p>\u00ab\u00a0On est venus en France pour sauver nos vies.\u00a0\u00bb La voix de Mohammad Hussain, 44 ans, r\u00e9sonne dans la salle d\u2019audience du tribunal administratif de Strasbourg, mercredi 23 juillet. Derri\u00e8re lui, plus d\u2019une soixantaine d\u2019habitants et d\u2019habitantes du <a href=\"https:\/\/www.rue89strasbourg.com\/parc-heyritz-campement-347235\" target=\"_blank\" rel=\"noopener\">campement du parc du Heyritz <\/a>ont fait le d\u00e9placement. Certains sont debout, d\u2019autres sont assis sur des chaises rajout\u00e9es \u00e0 la h\u00e2te, faute de places suffisantes sur les bancs en bois.<\/p>\n<p>Face \u00e0 eux, la Ville de Strasbourg demande au juge des r\u00e9f\u00e9r\u00e9s l\u2019autorisation de recourir \u00e0 la force publique pour \u00e9vacuer le campement. Elle explique ne pas avoir d\u2019alternative, apr\u00e8s avoir demand\u00e9 en vain que les occupants partent d\u2019eux-m\u00eames, le 24 juin.<\/p>\n<p><a href=\"https:\/\/www.rue89strasbourg.com\/abonnement\/paiement?sub=3&amp;discount=ete2025\" target=\"_blank\" rel=\"noopener\"><img loading=\"lazy\" decoding=\"async\" width=\"970\" height=\"250\" src=\"https:\/\/www.europesays.com\/fr\/wp-content\/uploads\/2025\/07\/bannie\u0300re-site-desktop-anime\u0301e.gif\" alt=\"\" class=\"wp-image-350811\" style=\"width:792px;height:auto\"\/><\/a><\/p>\n<p><a href=\"https:\/\/www.rue89strasbourg.com\/abonnement\/paiement?sub=3&amp;discount=ete2025\" target=\"_blank\" rel=\"noopener\"><img loading=\"lazy\" decoding=\"async\" width=\"300\" height=\"300\" src=\"https:\/\/www.europesays.com\/fr\/wp-content\/uploads\/2025\/07\/bannie\u0300re-pub-mobile-anime\u0301e.gif\" alt=\"\" class=\"wp-image-350815\"\/><\/a><\/p>\n<p>\u00ab\u00a0Il y a urgence \u00e0 trouver des h\u00e9bergements\u00a0\u00bb<\/p>\n<p>Install\u00e9 depuis mars 2025 sur les berges du parc du Heyritz, \u00e0 la fronti\u00e8re du quartier de Neudorf, le camp abritait encore 116 r\u00e9fugi\u00e9s et demandeurs d\u2019asiles en juin et 180, dont 60 enfants, selon les derniers d\u00e9comptes. Une situation que la Ville, repr\u00e9sent\u00e9e par Me Guillaume Llorens, juge pr\u00e9occupante. \u00ab\u00a0Le campement est expos\u00e9 \u00e0 des risques de chute de branches, notamment en cas de vents violents. Il y a des risques d\u2019incendie \u00e0 proximit\u00e9 des tentes et le site, situ\u00e9 en bord d\u2019eau, est dangereux pour les enfants en p\u00e9riode de vacances scolaires\u00a0\u00bb, avance-t-il.<\/p>\n<p>Un argumentaire qui ne convainc pas Me Sophie Schweitzer, Me David Poinsignon et Me Gabriella Carraud, en charge de la d\u00e9fense des familles. \u00ab\u00a0Les personnes qui y vivent y sont contraintes. Tout le monde sait que ce n\u2019est pas une situation id\u00e9ale, mais aucune solution de mise \u00e0 l\u2019abri ne leur est propos\u00e9e\u00a0\u00bb, rappellent-ils.<\/p>\n<p>Me David Poinsignon ne cache pas son exasp\u00e9ration\u00a0:<\/p>\n<blockquote class=\"wp-block-quote is-layout-flow wp-block-quote-is-layout-flow\">\n<p>\u00ab\u00a0Ce type de requ\u00eate pour obtenir une expulsion devient routini\u00e8re, presque automatique, la municipalit\u00e9 devrait anticiper et organiser la mise \u00e0 l\u2019abri sans attendre le d\u00e9mant\u00e8lement du camp. Il y a urgence \u00e0 trouver des h\u00e9bergements.\u00a0\u00bb<\/p>\n<\/blockquote>\n<p>\t\tUn pr\u00e9fet qui manque \u00e0 l\u2019appel <\/p>\n<p>En France, l\u2019h\u00e9bergement d\u2019urgence rel\u00e8ve normalement de la comp\u00e9tence de l\u2019\u00c9tat et donc du pr\u00e9fet, qui le repr\u00e9sente dans le d\u00e9partement. C\u2019est lui qui doit organiser la mise \u00e0 l\u2019abri des personnes sans solution de logement, via le num\u00e9ro unique 115, li\u00e9 au SIAO (Service int\u00e9gr\u00e9 d\u2019accueil et d\u2019orientation).<\/p>\n<p>Le 13 juin, la maire de Strasbourg, Jeanne Barseghian, a sollicit\u00e9 l\u2019intervention du pr\u00e9fet du Bas-Rhin pour que des solutions soient propos\u00e9es aux occupants du campement. Une requ\u00eate rest\u00e9e sans suite, selon la municipalit\u00e9, qui affirme n\u2019avoir eu d\u2019autre choix que de saisir la justice pour en obtenir l\u2019\u00e9vacuation.<\/p>\n<p>Un jeu de renvoi de responsabilit\u00e9s entre la Ville et l\u2019\u00c9tat que d\u00e9nonce Me Sophie Schweitzer :<\/p>\n<blockquote class=\"wp-block-quote is-layout-flow wp-block-quote-is-layout-flow\">\n<p>\u00ab\u00a0Ce n\u2019est pas la seule solution. La Ville, en la personne de la maire, a la possibilit\u00e9 de ne pas expulser sans donner de garanties d\u2019h\u00e9bergement derri\u00e8re. Si elle consid\u00e8re que le pr\u00e9fet est d\u00e9faillant dans son obligation de mise \u00e0 l\u2019abri, elle peut engager sa responsabilit\u00e9, voire m\u00eame l\u2019attaquer en justice.\u00a0\u00bb<\/p>\n<\/blockquote>\n<p>Fin juillet, ni la pr\u00e9fecture ni la municipalit\u00e9 n\u2019ont apport\u00e9 de garanties de mise \u00e0 l\u2019abri. La Ville affirme toutefois <a href=\"https:\/\/www.strasbourg.eu\/-\/recours-contre-l-etat-sur-l-hebergement-une-premiere-victoire-des-villes\" target=\"_blank\" rel=\"noreferrer noopener\">avoir engag\u00e9 une proc\u00e9dure contre l\u2019\u00c9tat<\/a> pour d\u00e9noncer son inaction en la mati\u00e8re.<\/p>\n<p>\u00ab\u00a0C\u2019est une lutte sans fin\u00a0\u00bb<\/p>\n<p>Vendredi 25 juillet, le tribunal administratif a donn\u00e9 raison \u00e0 la Ville. Dans son ordonnance, il fait suite \u00e0 sa demande d\u2019\u00e9vacuation sous huit jours, avec possibilit\u00e9 de recourir \u00e0 la force publique si n\u00e9cessaire.<\/p>\n<p>\u00ab\u00a0La d\u00e9cision rendue est un copier-coller des autres ordonnances, ils n\u2019ont m\u00eame pas pris en compte nos demandes\u00a0\u00bb, regrette Me Sophie Schweitzer\u00a0:<\/p>\n<blockquote class=\"wp-block-quote is-layout-flow wp-block-quote-is-layout-flow\">\n<p>\u00ab\u00a0Ils pr\u00e9tendent avoir dress\u00e9 un tableau pour analyser les situations personnelles des habitants du campement et pr\u00e9voir des h\u00e9bergements, mais c\u2019est faux.\u00a0\u00bb<\/p>\n<\/blockquote>\n<p>Selon l\u2019avocate, seules les personnes relevant d\u2019un h\u00e9bergement de la CADA, c\u2019est-\u00e0-dire les demandeurs d\u2019asile officiellement enregistr\u00e9s dans le dispositif d\u2019accueil de l\u2019\u00c9tat, pourraient \u00e9ventuellement se voir proposer une place. \u00ab\u00a0Pour tous les autres, ce sera la rue. Dans huit jours, ils vont les entasser dans un gymnase, faire le tri, et ils repartiront dehors. C\u2019est une lutte sans fin.\u00a0\u00bb<\/p>\n<p>Les avocats pr\u00e9voient d\u00e9sormais de se rendre sur le campement pour informer les habitants de la d\u00e9cision et se pr\u00e9parer \u00e0 l\u2019\u00e9vacuation.<\/p>\n","protected":false},"excerpt":{"rendered":"Le tribunal administratif de Strasbourg a valid\u00e9 vendredi 25 juillet la demande de la Ville pour faire \u00e9vacuer&hellip;\n","protected":false},"author":2,"featured_media":274218,"comment_status":"","ping_status":"","sticky":false,"template":"","format":"standard","meta":{"footnotes":""},"categories":[2820],"tags":[1111,11,41372,1777,674,1011,27,775,3909,12,25,104,640,15051,3911],"class_list":{"0":"post-274217","1":"post","2":"type-post","3":"status-publish","4":"format-standard","5":"has-post-thumbnail","7":"category-strasbourg","8":"tag-actu","9":"tag-actualites","10":"tag-campements","11":"tag-eu","12":"tag-europe","13":"tag-fr","14":"tag-france","15":"tag-grand-est","16":"tag-hebergement-durgence","17":"tag-news","18":"tag-republique-francaise","19":"tag-societe","20":"tag-strasbourg","21":"tag-tribunal-administratif","22":"tag-ville-de-strasbourg"},"share_on_mastodon":{"url":"https:\/\/pubeurope.com\/@fr\/114917234791291485","error":""},"_links":{"self":[{"href":"https:\/\/www.europesays.com\/fr\/wp-json\/wp\/v2\/posts\/274217","targetHints":{"allow":["GET"]}}],"collection":[{"href":"https:\/\/www.europesays.com\/fr\/wp-json\/wp\/v2\/posts"}],"about":[{"href":"https:\/\/www.europesays.com\/fr\/wp-json\/wp\/v2\/types\/post"}],"author":[{"embeddable":true,"href":"https:\/\/www.europesays.com\/fr\/wp-json\/wp\/v2\/users\/2"}],"replies":[{"embeddable":true,"href":"https:\/\/www.europesays.com\/fr\/wp-json\/wp\/v2\/comments?post=274217"}],"version-history":[{"count":0,"href":"https:\/\/www.europesays.com\/fr\/wp-json\/wp\/v2\/posts\/274217\/revisions"}],"wp:featuredmedia":[{"embeddable":true,"href":"https:\/\/www.europesays.com\/fr\/wp-json\/wp\/v2\/media\/274218"}],"wp:attachment":[{"href":"https:\/\/www.europesays.com\/fr\/wp-json\/wp\/v2\/media?parent=274217"}],"wp:term":[{"taxonomy":"category","embeddable":true,"href":"https:\/\/www.europesays.com\/fr\/wp-json\/wp\/v2\/categories?post=274217"},{"taxonomy":"post_tag","embeddable":true,"href":"https:\/\/www.europesays.com\/fr\/wp-json\/wp\/v2\/tags?post=274217"}],"curies":[{"name":"wp","href":"https:\/\/api.w.org\/{rel}","templated":true}]}}